{"id":674,"date":"2010-12-22T19:35:39","date_gmt":"2010-12-22T19:35:39","guid":{"rendered":"http:\/\/www.musicbar.cz\/?p=674"},"modified":"2010-12-22T19:35:39","modified_gmt":"2010-12-22T19:35:39","slug":"tip-na-vanocni-darek-maceo-parker-se-vrati-15-brezna","status":"publish","type":"post","link":"https:\/\/musicbar.cz\/en\/novinky\/tip-na-vanocni-darek-maceo-parker-se-vrati-15-brezna\/","title":{"rendered":"Tip na v\u00e1no\u010dn\u00ed d\u00e1rek? Maceo Parker se vr\u00e1t\u00ed 15. b\u0159ezna&#8230;"},"content":{"rendered":"<p><a href=\"http:\/\/www.musicbar.cz\/wp-content\/uploads\/2010\/12\/maceo_parker.jpg\"><img loading=\"lazy\" decoding=\"async\" class=\"alignleft size-full wp-image-676\" title=\"maceo_parker_\" src=\"http:\/\/www.musicbar.cz\/wp-content\/uploads\/2010\/12\/maceo_parker_.jpg\" alt=\"\" width=\"170\" height=\"170\" srcset=\"https:\/\/storage.googleapis.com\/goout-wordpress-uploads\/musicbarcz\/2010\/12\/maceo_parker_.jpg 170w, https:\/\/storage.googleapis.com\/goout-wordpress-uploads\/musicbarcz\/2010\/12\/maceo_parker_-300x300.jpg 300w, https:\/\/storage.googleapis.com\/goout-wordpress-uploads\/musicbarcz\/2010\/12\/maceo_parker_-900x900.jpg 900w\" sizes=\"auto, (max-width: 170px) 100vw, 170px\" \/><\/a><strong>Maceo Parker <\/strong>se stal doslova \u201emil\u00e1\u010dkem\u201c pra\u017esk\u00e9ho publika hned od sv\u00e9ho prvn\u00edho koncertu v roce 1996. Od t\u00e9 doby nechyb\u011bla Praha v seznamu m\u011bst t\u00e9m\u011b\u0159 ka\u017ed\u00e9ho jeho evropsk\u00e9ho turn\u00e9, a tak jeho b\u0159eznov\u00fd koncert bude v po\u0159ad\u00ed ji\u017e 18. koncertem v r\u00e1mci <strong>Agharta Prague Jazz Festival<\/strong>u. Je tedy t\u00e9m\u011b\u0159 nemo\u017en\u00e9, aby se neobjevil i na programu jubilejn\u00edho 20. ro\u010dn\u00edku a op\u011bt p\u0159inesl do Lucerna music baru svou tradi\u010dn\u00ed d\u00e1vku funkov\u00e9 energie! Tentokr\u00e1te Maceo a jeho kapela zahraj\u00ed poprv\u00e9 na nov\u00e9m klubov\u00e9m hi-fi zvuku, tak si nenechte ut\u00e9ct sv\u016fj l\u00edstek. Zaru\u010den\u011b se po nich zapr\u00e1\u0161\u00ed! V\u00e1no\u010dn\u00ed vstupenky za super cenu jsou u\u017e k dost\u00e1n\u00ed p\u0159es <a href=\"http:\/\/http:\/\/www.agharta.cz\/index.php?p=program&amp;site=agharta_apjf\" target=\"_blank\">E-Tickets @ Agharta.cz<\/a><!--more--><\/p>\n<p><object classid=\"clsid:d27cdb6e-ae6d-11cf-96b8-444553540000\" width=\"480\" height=\"385\" codebase=\"http:\/\/download.macromedia.com\/pub\/shockwave\/cabs\/flash\/swflash.cab#version=6,0,40,0\"><param name=\"allowFullScreen\" value=\"true\" \/><param name=\"allowscriptaccess\" value=\"always\" \/><param name=\"src\" value=\"http:\/\/www.youtube.com\/v\/ABLwmYI09Lw?fs=1&amp;hl=cs_CZ\" \/><param name=\"allowfullscreen\" value=\"true\" \/><embed type=\"application\/x-shockwave-flash\" width=\"480\" height=\"385\" src=\"http:\/\/www.youtube.com\/v\/ABLwmYI09Lw?fs=1&amp;hl=cs_CZ\" allowscriptaccess=\"always\" allowfullscreen=\"true\"><\/embed><\/object><\/p>\n","protected":false},"excerpt":{"rendered":"<p>Maceo Parker se stal doslova \u201emil\u00e1\u010dkem\u201c pra\u017esk\u00e9ho publika hned od sv\u00e9ho prvn\u00edho koncertu v roce 1996. Od t\u00e9 doby nechyb\u011bla Praha v seznamu m\u011bst t\u00e9m\u011b\u0159 ka\u017ed\u00e9ho jeho evropsk\u00e9ho turn\u00e9, a tak jeho b\u0159eznov\u00fd koncert bude v po\u0159ad\u00ed ji\u017e 18. koncertem v r\u00e1mci Agharta Prague Jazz Festivalu. Je tedy t\u00e9m\u011b\u0159 nemo\u017en\u00e9, aby se neobjevil i na [&hellip;]<\/p>\n","protected":false},"author":6,"featured_media":0,"comment_status":"open","ping_status":"closed","sticky":false,"template":"","format":"standard","meta":{"_acf_changed":false,"footnotes":""},"categories":[404],"tags":[],"class_list":["post-674","post","type-post","status-publish","format-standard","hentry","category-novinky"],"acf":[],"_links":{"self":[{"href":"https:\/\/musicbar.cz\/en\/wp-json\/wp\/v2\/posts\/674","targetHints":{"allow":["GET"]}}],"collection":[{"href":"https:\/\/musicbar.cz\/en\/wp-json\/wp\/v2\/posts"}],"about":[{"href":"https:\/\/musicbar.cz\/en\/wp-json\/wp\/v2\/types\/post"}],"author":[{"embeddable":true,"href":"https:\/\/musicbar.cz\/en\/wp-json\/wp\/v2\/users\/6"}],"replies":[{"embeddable":true,"href":"https:\/\/musicbar.cz\/en\/wp-json\/wp\/v2\/comments?post=674"}],"version-history":[{"count":0,"href":"https:\/\/musicbar.cz\/en\/wp-json\/wp\/v2\/posts\/674\/revisions"}],"wp:attachment":[{"href":"https:\/\/musicbar.cz\/en\/wp-json\/wp\/v2\/media?parent=674"}],"wp:term":[{"taxonomy":"category","embeddable":true,"href":"https:\/\/musicbar.cz\/en\/wp-json\/wp\/v2\/categories?post=674"},{"taxonomy":"post_tag","embeddable":true,"href":"https:\/\/musicbar.cz\/en\/wp-json\/wp\/v2\/tags?post=674"}],"curies":[{"name":"wp","href":"https:\/\/api.w.org\/{rel}","templated":true}]}}