{"id":541,"date":"2010-11-29T16:51:04","date_gmt":"2010-11-29T16:51:04","guid":{"rendered":"http:\/\/www.musicbar.cz\/?p=541"},"modified":"2010-11-29T16:52:17","modified_gmt":"2010-11-29T16:52:17","slug":"turne-rara-avis-pokracuje-koncertem-v-lucerna-music-baru","status":"publish","type":"post","link":"https:\/\/musicbar.cz\/en\/nezarazene\/turne-rara-avis-pokracuje-koncertem-v-lucerna-music-baru\/","title":{"rendered":"Turn\u00e9 Rara Avis pokra\u010duje koncertem v Lucerna Music Baru"},"content":{"rendered":"<p><a href=\"http:\/\/www.musicbar.cz\/wp-content\/uploads\/2010\/11\/rara_avis_.jpg\"><img loading=\"lazy\" decoding=\"async\" class=\"alignleft size-full wp-image-543\" title=\"rara_avis_\" src=\"http:\/\/www.musicbar.cz\/wp-content\/uploads\/2010\/11\/rara_avis_.jpg\" alt=\"\" width=\"170\" height=\"170\" srcset=\"https:\/\/storage.googleapis.com\/goout-wordpress-uploads\/musicbarcz\/2010\/11\/rara_avis_.jpg 170w, https:\/\/storage.googleapis.com\/goout-wordpress-uploads\/musicbarcz\/2010\/11\/rara_avis_-300x300.jpg 300w, https:\/\/storage.googleapis.com\/goout-wordpress-uploads\/musicbarcz\/2010\/11\/rara_avis_-900x900.jpg 900w\" sizes=\"auto, (max-width: 170px) 100vw, 170px\" \/><\/a>K  velk\u00fdm objev\u016fm tuzemsk\u00e9 hudebn\u00ed sc\u00e9ny pat\u0159\u00ed talentovan\u00ed mlad\u00edci <strong>Rara  Avis<\/strong>, kte\u0159\u00ed vydali svou debutovou desku The Portrait. Ta se setkala s  velmi pozitivn\u00edm ohlasem u hudebn\u00edch kritik\u016f a kapela r\u00e1zem z\u00edskala na  dom\u00e1c\u00ed kytarov\u00e9 sc\u00e9n\u011b status \u010dern\u00e9ho kon\u011b. Nebo b\u00edl\u00e9 vr\u00e1ny, z\u00e1le\u017e\u00ed na  tom, jak to kdo bere&#8230; &#8220;Chceme ze sebe dostat to, co od jin\u00fdch dostat nem\u016f\u017eeme. Nesn\u00e1\u0161\u00edme konven\u010dnost a p\u0159ehnanou trendovost, a to je jeden z d\u016fvod\u016f,&#8230;  pro\u010d je na\u0161e hudba tak odli\u0161n\u00e1&#8221;, \u0159\u00edk\u00e1 kapela, jej\u00ed\u017e tvorba se d\u00e1 jen  vzd\u00e1len\u011b p\u0159irovnat k d\u00e1nsk\u00fdm <strong>Marvel Hill <\/strong>a v ni\u010dem si nezad\u00e1 ani s  maz\u00e1ctv\u00edm Matthewa Bellamyho a jeho Muse.\u00a0 Rara Avis  v sou\u010dasn\u00e9 dob\u011b absolvuj\u00ed sv\u00e9 podzimn\u00ed turn\u00e9<!--more-->, jeho\u017e jednou ze zast\u00e1vek  bude 7.prosince tak\u00e9 koncert v Lucerna Music Baru, kde se tak\u00e9 p\u0159edstav\u00ed  se sv\u00fdm nov\u00fdm buben\u00edkem Michalem. Jako specialn\u00ed host se p\u0159edstav\u00ed berl\u00ednsk\u00e1 kapela<strong> CBk\/nc<\/strong>.<\/p>\n<p>Vstupenky  jsou k zakoupen\u00ed v s\u00edt\u00edch Ticketpro, Ticketstream a Ticketportal a v  pokladn\u011b Lucerna Music Baru za 120,- K\u010d + poplatky, na m\u00edst\u011b za 160,-  K\u010d.<\/p>\n<p><object classid=\"clsid:d27cdb6e-ae6d-11cf-96b8-444553540000\" width=\"640\" height=\"385\" codebase=\"http:\/\/download.macromedia.com\/pub\/shockwave\/cabs\/flash\/swflash.cab#version=6,0,40,0\"><param name=\"allowFullScreen\" value=\"true\" \/><param name=\"allowscriptaccess\" value=\"always\" \/><param name=\"src\" value=\"http:\/\/www.youtube.com\/v\/FPl41L007Y8?fs=1&amp;hl=cs_CZ\" \/><param name=\"allowfullscreen\" value=\"true\" \/><embed type=\"application\/x-shockwave-flash\" width=\"640\" height=\"385\" src=\"http:\/\/www.youtube.com\/v\/FPl41L007Y8?fs=1&amp;hl=cs_CZ\" allowscriptaccess=\"always\" allowfullscreen=\"true\"><\/embed><\/object><\/p>\n<p>V\u00edce info na:<\/p>\n<p><a href=\"http:\/\/www.bandzone.cz\/raraavis\" target=\"_blank\">www.bandzone.cz\/raraavis<\/a><br \/>\n<a href=\"http:\/\/www.myspace.com\/raraavismusic\" target=\"_blank\">www.myspace.com\/raraavismusic<\/a><br \/>\n<a href=\"http:\/\/www.soundcloud.com\/cbk-nc\" target=\"_blank\">www.soundcloud.com\/cbk-nc<\/a><br \/>\n<a href=\"http:\/\/www.myspace.com\/djcbkrecklessredemption\" target=\"_blank\">www.myspace.com\/djcbkrecklessredemption<\/a><br \/>\n<a href=\"http:\/\/www.musicbar.cz\/\" target=\"_blank\"><\/a><a href=\"http:\/\/www.myspace.com\/dsmackupromotion\" target=\"_blank\">www.myspace.com\/dsmackupromotion<\/a><br \/>\n<a href=\"http:\/\/www.facebook.com\/dsmackupromotion\" target=\"_blank\">www.facebook.com\/dsmackupromotion<\/a><br \/>\n<a href=\"http:\/\/www.dsmacku.com\/\" target=\"_blank\">www.dsmacku.com<\/a><br \/>\n<a href=\"http:\/\/www.rockit.cz\/\" target=\"_blank\">www.rockit.cz<\/a><\/p>\n","protected":false},"excerpt":{"rendered":"<p>K velk\u00fdm objev\u016fm tuzemsk\u00e9 hudebn\u00ed sc\u00e9ny pat\u0159\u00ed talentovan\u00ed mlad\u00edci Rara Avis, kte\u0159\u00ed vydali svou debutovou desku The Portrait. Ta se setkala s velmi pozitivn\u00edm ohlasem u hudebn\u00edch kritik\u016f a kapela r\u00e1zem z\u00edskala na dom\u00e1c\u00ed kytarov\u00e9 sc\u00e9n\u011b status \u010dern\u00e9ho kon\u011b. Nebo b\u00edl\u00e9 vr\u00e1ny, z\u00e1le\u017e\u00ed na tom, jak to kdo bere&#8230; &#8220;Chceme ze sebe dostat to, co [&hellip;]<\/p>\n","protected":false},"author":6,"featured_media":0,"comment_status":"open","ping_status":"closed","sticky":false,"template":"","format":"standard","meta":{"_acf_changed":false,"footnotes":""},"categories":[1,404],"tags":[],"class_list":["post-541","post","type-post","status-publish","format-standard","hentry","category-nezarazene","category-novinky"],"acf":[],"_links":{"self":[{"href":"https:\/\/musicbar.cz\/en\/wp-json\/wp\/v2\/posts\/541","targetHints":{"allow":["GET"]}}],"collection":[{"href":"https:\/\/musicbar.cz\/en\/wp-json\/wp\/v2\/posts"}],"about":[{"href":"https:\/\/musicbar.cz\/en\/wp-json\/wp\/v2\/types\/post"}],"author":[{"embeddable":true,"href":"https:\/\/musicbar.cz\/en\/wp-json\/wp\/v2\/users\/6"}],"replies":[{"embeddable":true,"href":"https:\/\/musicbar.cz\/en\/wp-json\/wp\/v2\/comments?post=541"}],"version-history":[{"count":0,"href":"https:\/\/musicbar.cz\/en\/wp-json\/wp\/v2\/posts\/541\/revisions"}],"wp:attachment":[{"href":"https:\/\/musicbar.cz\/en\/wp-json\/wp\/v2\/media?parent=541"}],"wp:term":[{"taxonomy":"category","embeddable":true,"href":"https:\/\/musicbar.cz\/en\/wp-json\/wp\/v2\/categories?post=541"},{"taxonomy":"post_tag","embeddable":true,"href":"https:\/\/musicbar.cz\/en\/wp-json\/wp\/v2\/tags?post=541"}],"curies":[{"name":"wp","href":"https:\/\/api.w.org\/{rel}","templated":true}]}}