{"id":39505,"date":"2023-12-05T17:04:30","date_gmt":"2023-12-05T15:04:30","guid":{"rendered":"https:\/\/musicbar.cz\/?p=39505"},"modified":"2023-12-05T17:07:49","modified_gmt":"2023-12-05T15:07:49","slug":"karel-zije-dal","status":"publish","type":"post","link":"https:\/\/musicbar.cz\/en\/program\/karel-zije-dal\/","title":{"rendered":"Karel lives on"},"content":{"rendered":"<p>To honour the memory of former Deputy Prime Minister and Foreign Minister Karel Schwarzenberg, an event entitled &#8220;Karel Lives On&#8221; will take place at the Lucerna Palace in Prague on Saturday, 9 December, from 16:00. The Lucerna Music Bar will host bands such as Terrible 2s, Garage a Tony Duch\u00e1\u010dek, Monika Na\u010deva, Michal Koval, Hor\u0148\u00e1ck\u00e1 muzika Petra Mi\u010dky, James Harries, Tornado Lue, Karpatsk\u00e9 Chrb\u00e1ty or U\u017e jsme doma. You can entry the club only with a reservation. More info <a href=\"http:\/\/www.karelzijedal.cz\" rel=\"noopener\" target=\"_blank\">here<\/a>.<\/p>","protected":false},"excerpt":{"rendered":"<p>To honour the memory of former Deputy Prime Minister and Foreign Minister Karel Schwarzenberg, an event entitled &#8220;Karel Lives On&#8221; will take place at the Lucerna Palace in Prague on Saturday, 9 December, from 16:00. The Lucerna Music Bar will host bands such as Terrible 2s, Garage a Tony Duch\u00e1\u010dek, Monika Na\u010deva, Michal Koval, Hor\u0148\u00e1ck\u00e1 [&hellip;]<\/p>\n","protected":false},"author":16,"featured_media":0,"comment_status":"closed","ping_status":"closed","sticky":false,"template":"","format":"standard","meta":{"_acf_changed":false,"footnotes":""},"categories":[405],"tags":[],"class_list":["post-39505","post","type-post","status-publish","format-standard","hentry","category-program"],"acf":[],"_links":{"self":[{"href":"https:\/\/musicbar.cz\/en\/wp-json\/wp\/v2\/posts\/39505","targetHints":{"allow":["GET"]}}],"collection":[{"href":"https:\/\/musicbar.cz\/en\/wp-json\/wp\/v2\/posts"}],"about":[{"href":"https:\/\/musicbar.cz\/en\/wp-json\/wp\/v2\/types\/post"}],"author":[{"embeddable":true,"href":"https:\/\/musicbar.cz\/en\/wp-json\/wp\/v2\/users\/16"}],"replies":[{"embeddable":true,"href":"https:\/\/musicbar.cz\/en\/wp-json\/wp\/v2\/comments?post=39505"}],"version-history":[{"count":7,"href":"https:\/\/musicbar.cz\/en\/wp-json\/wp\/v2\/posts\/39505\/revisions"}],"predecessor-version":[{"id":39513,"href":"https:\/\/musicbar.cz\/en\/wp-json\/wp\/v2\/posts\/39505\/revisions\/39513"}],"wp:attachment":[{"href":"https:\/\/musicbar.cz\/en\/wp-json\/wp\/v2\/media?parent=39505"}],"wp:term":[{"taxonomy":"category","embeddable":true,"href":"https:\/\/musicbar.cz\/en\/wp-json\/wp\/v2\/categories?post=39505"},{"taxonomy":"post_tag","embeddable":true,"href":"https:\/\/musicbar.cz\/en\/wp-json\/wp\/v2\/tags?post=39505"}],"curies":[{"name":"wp","href":"https:\/\/api.w.org\/{rel}","templated":true}]}}