{"id":36507,"date":"2022-12-19T15:20:56","date_gmt":"2022-12-19T13:20:56","guid":{"rendered":"https:\/\/musicbar.cz\/?p=36507"},"modified":"2023-04-20T11:12:21","modified_gmt":"2023-04-20T09:12:21","slug":"adam-misik-2","status":"publish","type":"post","link":"https:\/\/musicbar.cz\/en\/program\/adam-misik-2\/","title":{"rendered":"Adam Mi\u0161\u00edk"},"content":{"rendered":"<p>Vstupenky: <a href=\"https:\/\/www.united-tickets.cz\/adam-misik-live#\/\" rel=\"noopener noreferrer\" target=\"_blank\">united-tickets.cz\/adam-misik-live<\/a><br \/>\nAdam Mi\u0161\u00edk v tomto roce nastartoval novou \u00e9ru sv\u00e9 tvorby, kdy spolu se Sergeiem Barracudou vydal \u00fasp\u011b\u0161n\u00fd track Prach. Ten se stal tituln\u00ed p\u00edsn\u00ed filmu Banger, ve kter\u00e9m Adam Mi\u0161\u00edk ztv\u00e1rnil hlavn\u00ed postavu. Nyn\u00ed Mi\u0161\u00edk chyst\u00e1 dal\u0161\u00ed spolupr\u00e1ce s v\u00fdrazn\u00fdmi jm\u00e9ny \u010desk\u00e9 sc\u00e9ny. Ohla\u0161uje tak\u00e9 samostatn\u00e9 koncerty 26. dubna v Brn\u011b a 27. dubna v Praze, kde se se sv\u00fdmi hosty p\u0159edstav\u00ed v nov\u00e9m zvuku a show. <\/p>\n<p>Jsem vd\u011b\u010dn\u00fd za v\u0161echny svoje fanou\u0161ky, kte\u0159\u00ed semnou vyrostli a pro\u0161li celou tu cestu se mnou. Pr\u00e1v\u011b pro n\u011b jsem si na p\u0159\u00ed\u0161t\u00ed rok p\u0159ipravil novou show v m\u00fdch obl\u00edben\u00fdch klubech v Praze a Brn\u011b. Po \u010dty\u0159ech letech se tak vrac\u00edm na solo koncerty, kter\u00e9 jsme s t\u00fdmem p\u0159ipravili jako pr\u016f\u0159ez moj\u00ed kari\u00e9rou, tak\u017ee se m\u016f\u017eete t\u011b\u0161it na star\u0161\u00ed hity i nov\u00fd bangery se skv\u011bl\u00fdmi hosty. \u010cekaj\u00ed v\u00e1s tracky, kter\u00e9 jsem je\u0161t\u011b nikdy nehr\u00e1l i star\u0161\u00ed v\u011bci v nov\u00e9m pod\u00e1n\u00ed.<\/p>\n<p>T\u011b\u0161\u00edm se na v\u00e1s v Praze a Brn\u011b<\/p>\n<p>Adam<\/p>\n","protected":false},"excerpt":{"rendered":"<p>Vstupenky: united-tickets.cz\/adam-misik-live Adam Mi\u0161\u00edk v tomto roce nastartoval novou \u00e9ru sv\u00e9 tvorby, kdy spolu se Sergeiem Barracudou vydal \u00fasp\u011b\u0161n\u00fd track Prach. Ten se stal tituln\u00ed p\u00edsn\u00ed filmu Banger, ve kter\u00e9m Adam Mi\u0161\u00edk ztv\u00e1rnil hlavn\u00ed postavu. Nyn\u00ed Mi\u0161\u00edk chyst\u00e1 dal\u0161\u00ed spolupr\u00e1ce s v\u00fdrazn\u00fdmi jm\u00e9ny \u010desk\u00e9 sc\u00e9ny. Ohla\u0161uje tak\u00e9 samostatn\u00e9 koncerty 26. dubna v Brn\u011b a 27. [&hellip;]<\/p>\n","protected":false},"author":6,"featured_media":0,"comment_status":"closed","ping_status":"closed","sticky":false,"template":"","format":"standard","meta":{"_acf_changed":false,"footnotes":""},"categories":[405],"tags":[418],"class_list":["post-36507","post","type-post","status-publish","format-standard","hentry","category-program","tag-pop"],"acf":[],"_links":{"self":[{"href":"https:\/\/musicbar.cz\/en\/wp-json\/wp\/v2\/posts\/36507","targetHints":{"allow":["GET"]}}],"collection":[{"href":"https:\/\/musicbar.cz\/en\/wp-json\/wp\/v2\/posts"}],"about":[{"href":"https:\/\/musicbar.cz\/en\/wp-json\/wp\/v2\/types\/post"}],"author":[{"embeddable":true,"href":"https:\/\/musicbar.cz\/en\/wp-json\/wp\/v2\/users\/6"}],"replies":[{"embeddable":true,"href":"https:\/\/musicbar.cz\/en\/wp-json\/wp\/v2\/comments?post=36507"}],"version-history":[{"count":6,"href":"https:\/\/musicbar.cz\/en\/wp-json\/wp\/v2\/posts\/36507\/revisions"}],"predecessor-version":[{"id":37647,"href":"https:\/\/musicbar.cz\/en\/wp-json\/wp\/v2\/posts\/36507\/revisions\/37647"}],"wp:attachment":[{"href":"https:\/\/musicbar.cz\/en\/wp-json\/wp\/v2\/media?parent=36507"}],"wp:term":[{"taxonomy":"category","embeddable":true,"href":"https:\/\/musicbar.cz\/en\/wp-json\/wp\/v2\/categories?post=36507"},{"taxonomy":"post_tag","embeddable":true,"href":"https:\/\/musicbar.cz\/en\/wp-json\/wp\/v2\/tags?post=36507"}],"curies":[{"name":"wp","href":"https:\/\/api.w.org\/{rel}","templated":true}]}}