{"id":363,"date":"2010-10-01T09:02:16","date_gmt":"2010-10-01T09:02:16","guid":{"rendered":"http:\/\/www.musicbar.cz\/?p=363"},"modified":"2010-10-15T11:43:06","modified_gmt":"2010-10-15T11:43:06","slug":"tomas-hajicek-z-krusipusk-u-nas-29-11-predstavi-sve-solo-album","status":"publish","type":"post","link":"https:\/\/musicbar.cz\/en\/nezarazene\/tomas-hajicek-z-krusipusk-u-nas-29-11-predstavi-sve-solo-album\/","title":{"rendered":"Tom\u00e1\u0161 Haj\u00ed\u010dek z Krucip\u00fcsk u n\u00e1s 15.11. p\u0159edstav\u00ed sv\u00e9 s\u00f3lo album"},"content":{"rendered":"<p><strong><a href=\"http:\/\/www.musicbar.cz\/wp-content\/uploads\/2010\/09\/tomas_hajicek.jpg\"><img loading=\"lazy\" decoding=\"async\" class=\"alignleft size-full wp-image-365\" title=\"tomas_hajicek_\" src=\"http:\/\/www.musicbar.cz\/wp-content\/uploads\/2010\/09\/tomas_hajicek_.jpg\" alt=\"\" width=\"170\" height=\"170\" srcset=\"https:\/\/storage.googleapis.com\/goout-wordpress-uploads\/musicbarcz\/2010\/09\/tomas_hajicek_.jpg 170w, https:\/\/storage.googleapis.com\/goout-wordpress-uploads\/musicbarcz\/2010\/09\/tomas_hajicek_-300x300.jpg 300w, https:\/\/storage.googleapis.com\/goout-wordpress-uploads\/musicbarcz\/2010\/09\/tomas_hajicek_-900x900.jpg 900w\" sizes=\"auto, (max-width: 170px) 100vw, 170px\" \/><\/a>V\u00a0listopadu <\/strong>vych\u00e1z\u00ed prvn\u00ed s\u00f3lov\u00e9 album <strong>Tom\u00e1\u0161e Haj\u00ed\u010dka<\/strong>, leadera skupiny <strong>Krucip\u00fcsk <\/strong>jen\u017e se p\u0159ed 25 lety vydal z\u00a0 libereck\u00e9 kotliny na dlouhou muzikantskou cestu. \u00a0Stejn\u011b tak jako v\u0161echna CD skupiny Krucipusk byla nep\u0159edv\u00eddateln\u00e1, tak \u00a0je i \u00a0tento s\u00f3lov\u00fd po\u010din s\u00a0n\u00e1zvem <strong>\u201eKocour v\u00a0troub\u011b\u201c<\/strong> velk\u00fdm p\u0159ekvapen\u00edm a fanou\u0161ky by nem\u011bl zklamat. Koncertn\u00ed miniturn\u00e9 k\u00a0tomuto albu bude st\u00e1t rozhodn\u011b\u00a0 za vid\u011bn\u00ed i sly\u0161en\u00ed. Z\u00e1rove\u0148 vych\u00e1z\u00ed kniha s\u00a0n\u00e1zvem <strong>\u201e\u2026aryba\u0159ekla\u201c,<\/strong> jen\u017e je sb\u00edrkou text\u016f, nikdy nepublikovan\u00fdch fotografi\u00ed, n\u00e1\u010drt\u016f a dal\u0161\u00edch zaj\u00edmavost\u00ed. <strong>28. 10.<\/strong> tohoto roku m\u00e1 v\u00a0kin\u011b Lucerna premi\u00e9ru nov\u00fd \u010desk\u00fd, velmi kontroverzn\u00ed film <strong>\u201eBastardi\u201c<\/strong> v\u00a0n\u011bm\u017e si Tom\u00e1\u0161 zahr\u00e1l jednu z\u00a0rol\u00ed. <!--more-->M\u016f\u017eeme se t\u011b\u0161it dvojn\u00e1sob jeliko\u017e\u00a0 tento sn\u00edmek opat\u0159il hudbou.<\/p>\n<p><a href=\"http:\/\/www.krucipusk.cz\/\">www.krucipusk.cz<\/a><br \/>\nwww.filmbastardi.cz<br \/>\nwww.facebook.com\/filmbastardi<\/p>\n","protected":false},"excerpt":{"rendered":"<p>V\u00a0listopadu vych\u00e1z\u00ed prvn\u00ed s\u00f3lov\u00e9 album Tom\u00e1\u0161e Haj\u00ed\u010dka, leadera skupiny Krucip\u00fcsk jen\u017e se p\u0159ed 25 lety vydal z\u00a0 libereck\u00e9 kotliny na dlouhou muzikantskou cestu. \u00a0Stejn\u011b tak jako v\u0161echna CD skupiny Krucipusk byla nep\u0159edv\u00eddateln\u00e1, tak \u00a0je i \u00a0tento s\u00f3lov\u00fd po\u010din s\u00a0n\u00e1zvem \u201eKocour v\u00a0troub\u011b\u201c velk\u00fdm p\u0159ekvapen\u00edm a fanou\u0161ky by nem\u011bl zklamat. Koncertn\u00ed miniturn\u00e9 k\u00a0tomuto albu bude st\u00e1t rozhodn\u011b\u00a0 [&hellip;]<\/p>\n","protected":false},"author":6,"featured_media":0,"comment_status":"open","ping_status":"closed","sticky":false,"template":"","format":"standard","meta":{"_acf_changed":false,"footnotes":""},"categories":[1,404],"tags":[],"class_list":["post-363","post","type-post","status-publish","format-standard","hentry","category-nezarazene","category-novinky"],"acf":[],"_links":{"self":[{"href":"https:\/\/musicbar.cz\/en\/wp-json\/wp\/v2\/posts\/363","targetHints":{"allow":["GET"]}}],"collection":[{"href":"https:\/\/musicbar.cz\/en\/wp-json\/wp\/v2\/posts"}],"about":[{"href":"https:\/\/musicbar.cz\/en\/wp-json\/wp\/v2\/types\/post"}],"author":[{"embeddable":true,"href":"https:\/\/musicbar.cz\/en\/wp-json\/wp\/v2\/users\/6"}],"replies":[{"embeddable":true,"href":"https:\/\/musicbar.cz\/en\/wp-json\/wp\/v2\/comments?post=363"}],"version-history":[{"count":0,"href":"https:\/\/musicbar.cz\/en\/wp-json\/wp\/v2\/posts\/363\/revisions"}],"wp:attachment":[{"href":"https:\/\/musicbar.cz\/en\/wp-json\/wp\/v2\/media?parent=363"}],"wp:term":[{"taxonomy":"category","embeddable":true,"href":"https:\/\/musicbar.cz\/en\/wp-json\/wp\/v2\/categories?post=363"},{"taxonomy":"post_tag","embeddable":true,"href":"https:\/\/musicbar.cz\/en\/wp-json\/wp\/v2\/tags?post=363"}],"curies":[{"name":"wp","href":"https:\/\/api.w.org\/{rel}","templated":true}]}}