{"id":31195,"date":"2020-08-14T12:33:31","date_gmt":"2020-08-14T10:33:31","guid":{"rendered":"https:\/\/musicbar.cz\/?p=31195"},"modified":"2020-10-06T12:20:11","modified_gmt":"2020-10-06T10:20:11","slug":"lubos-pospisil-5p-70-let-2","status":"publish","type":"post","link":"https:\/\/musicbar.cz\/en\/program\/lubos-pospisil-5p-70-let-2\/","title":{"rendered":"Lubo\u0161 Posp\u00ed\u0161il &#038; 5P &#8211; RESCHEDULED TO 4. 5. 2021"},"content":{"rendered":"<p>Vzhledem ke st\u00e1vaj\u00edc\u00ed situaci s epidemi\u00ed koronaviru SARS-CoV-2 jsme byli nuceni zru\u0161it term\u00edny koncert\u016f LUBO\u0160E POSP\u00cd\u0160ILA &#038; 5P, kter\u00e9 se m\u011bly konat 13. a 14. 10. 2020 v pra\u017esk\u00e9m Lucerna Music Baru. Zru\u0161en\u00e9 koncerty se budou konat v nov\u00fdch term\u00ednech 4. 5. 2021 a 5. 5. 2021 v pra\u017esk\u00e9m Lucerna Music Baru. Vstupenky zakoupen\u00e9 na p\u016fvodn\u00ed term\u00edny z\u016fst\u00e1vaj\u00ed v platnosti.<\/p>\n<p>V p\u0159\u00edpad\u011b, \u017ee se akce ru\u0161\u00ed, je po\u0159\u00e1daj\u00edc\u00ed agentura LIVE NATION CZECH REPUBLIC s.r.o. v souladu se z\u00e1konem \u010d. 247\/2020 Sb., o n\u011bkter\u00fdch opat\u0159en\u00edch ke zm\u00edrn\u011bn\u00ed dopad\u016f epidemie koronaviru ozna\u010dovan\u00e9ho jako SARS CoV-2 na oblast kulturn\u00edch akc\u00ed, povinna z\u00e1kazn\u00edkovi nab\u00eddnout poukaz v minim\u00e1ln\u011b stejn\u00e9 hodnot\u011b, jak\u00e1 je hodnota p\u016fvodn\u00ed zakoupen\u00e9 vstupenky na zru\u0161enou akci. Tento poukaz bude vyd\u00e1n ticketingov\u00fdm oper\u00e1torem Ticketportal nebo Ticketmaster \u010cesk\u00e1 republika. Z\u00e1kazn\u00edk pot\u00e9 m\u016f\u017ee uplatnit poukaz p\u0159i dal\u0161\u00edm n\u00e1kupu z nab\u00eddky po\u0159adatelem nab\u00edzen\u00fdch akc\u00ed, jejich\u017e v\u00fd\u010det je k nalezen\u00ed na www.livenation.cz, p\u0159\u00edpadn\u011b na www.ticketportal.cz \/  https:\/\/www.ticketmaster.cz<\/p>\n","protected":false},"excerpt":{"rendered":"<p>Vzhledem ke st\u00e1vaj\u00edc\u00ed situaci s epidemi\u00ed koronaviru SARS-CoV-2 jsme byli nuceni zru\u0161it term\u00edny koncert\u016f LUBO\u0160E POSP\u00cd\u0160ILA &#038; 5P, kter\u00e9 se m\u011bly konat 13. a 14. 10. 2020 v pra\u017esk\u00e9m Lucerna Music Baru. Zru\u0161en\u00e9 koncerty se budou konat v nov\u00fdch term\u00ednech 4. 5. 2021 a 5. 5. 2021 v pra\u017esk\u00e9m Lucerna Music Baru. Vstupenky zakoupen\u00e9 na [&hellip;]<\/p>\n","protected":false},"author":14,"featured_media":0,"comment_status":"closed","ping_status":"closed","sticky":false,"template":"","format":"standard","meta":{"_acf_changed":false,"footnotes":""},"categories":[405],"tags":[426],"class_list":["post-31195","post","type-post","status-publish","format-standard","hentry","category-program","tag-folk"],"acf":[],"_links":{"self":[{"href":"https:\/\/musicbar.cz\/en\/wp-json\/wp\/v2\/posts\/31195","targetHints":{"allow":["GET"]}}],"collection":[{"href":"https:\/\/musicbar.cz\/en\/wp-json\/wp\/v2\/posts"}],"about":[{"href":"https:\/\/musicbar.cz\/en\/wp-json\/wp\/v2\/types\/post"}],"author":[{"embeddable":true,"href":"https:\/\/musicbar.cz\/en\/wp-json\/wp\/v2\/users\/14"}],"replies":[{"embeddable":true,"href":"https:\/\/musicbar.cz\/en\/wp-json\/wp\/v2\/comments?post=31195"}],"version-history":[{"count":5,"href":"https:\/\/musicbar.cz\/en\/wp-json\/wp\/v2\/posts\/31195\/revisions"}],"predecessor-version":[{"id":31682,"href":"https:\/\/musicbar.cz\/en\/wp-json\/wp\/v2\/posts\/31195\/revisions\/31682"}],"wp:attachment":[{"href":"https:\/\/musicbar.cz\/en\/wp-json\/wp\/v2\/media?parent=31195"}],"wp:term":[{"taxonomy":"category","embeddable":true,"href":"https:\/\/musicbar.cz\/en\/wp-json\/wp\/v2\/categories?post=31195"},{"taxonomy":"post_tag","embeddable":true,"href":"https:\/\/musicbar.cz\/en\/wp-json\/wp\/v2\/tags?post=31195"}],"curies":[{"name":"wp","href":"https:\/\/api.w.org\/{rel}","templated":true}]}}