{"id":22356,"date":"2017-05-04T11:31:42","date_gmt":"2017-05-04T09:31:42","guid":{"rendered":"https:\/\/www.musicbar.cz\/?p=22356"},"modified":"2018-03-07T16:59:02","modified_gmt":"2018-03-07T14:59:02","slug":"die-krupps-de","status":"publish","type":"post","link":"https:\/\/musicbar.cz\/en\/program\/die-krupps-de\/","title":{"rendered":"Die Krupps \/ DE &#8211; CANCELLED"},"content":{"rendered":"<p>S\u00f3lov\u00fd koncert Die Krupps byl zru\u0161en. O Die Krupps, ale nep\u0159ijdete, p\u0159ijedou toti\u017e do Lucerna Music Baru 30. 8. 2018 spole\u010dn\u011b s Front Line Assembly! V\u00edce info <a href=\"https:\/\/www.musicbar.cz\/program\/die-krupps-front-line-assembly-special-guest\/\">ZDE<\/a>.<\/p>\n<p>Pokud m\u00e1te vstupenky na tento koncert, vra\u0165te je pros\u00edm v m\u00edst\u011b prodeje, na spole\u010dn\u00fd koncert Die Krupps a Front Line Assembly nejsou platn\u00e9.<\/p>\n","protected":false},"excerpt":{"rendered":"<p>S\u00f3lov\u00fd koncert Die Krupps byl zru\u0161en. O Die Krupps, ale nep\u0159ijdete, p\u0159ijedou toti\u017e do Lucerna Music Baru 30. 8. 2018 spole\u010dn\u011b s Front Line Assembly! V\u00edce info ZDE. Pokud m\u00e1te vstupenky na tento koncert, vra\u0165te je pros\u00edm v m\u00edst\u011b prodeje, na spole\u010dn\u00fd koncert Die Krupps a Front Line Assembly nejsou platn\u00e9.<\/p>\n","protected":false},"author":6,"featured_media":0,"comment_status":"closed","ping_status":"closed","sticky":false,"template":"","format":"standard","meta":{"_acf_changed":false,"footnotes":""},"categories":[405],"tags":[],"class_list":["post-22356","post","type-post","status-publish","format-standard","hentry","category-program"],"acf":[],"_links":{"self":[{"href":"https:\/\/musicbar.cz\/en\/wp-json\/wp\/v2\/posts\/22356","targetHints":{"allow":["GET"]}}],"collection":[{"href":"https:\/\/musicbar.cz\/en\/wp-json\/wp\/v2\/posts"}],"about":[{"href":"https:\/\/musicbar.cz\/en\/wp-json\/wp\/v2\/types\/post"}],"author":[{"embeddable":true,"href":"https:\/\/musicbar.cz\/en\/wp-json\/wp\/v2\/users\/6"}],"replies":[{"embeddable":true,"href":"https:\/\/musicbar.cz\/en\/wp-json\/wp\/v2\/comments?post=22356"}],"version-history":[{"count":8,"href":"https:\/\/musicbar.cz\/en\/wp-json\/wp\/v2\/posts\/22356\/revisions"}],"predecessor-version":[{"id":24537,"href":"https:\/\/musicbar.cz\/en\/wp-json\/wp\/v2\/posts\/22356\/revisions\/24537"}],"wp:attachment":[{"href":"https:\/\/musicbar.cz\/en\/wp-json\/wp\/v2\/media?parent=22356"}],"wp:term":[{"taxonomy":"category","embeddable":true,"href":"https:\/\/musicbar.cz\/en\/wp-json\/wp\/v2\/categories?post=22356"},{"taxonomy":"post_tag","embeddable":true,"href":"https:\/\/musicbar.cz\/en\/wp-json\/wp\/v2\/tags?post=22356"}],"curies":[{"name":"wp","href":"https:\/\/api.w.org\/{rel}","templated":true}]}}