{"id":1207,"date":"2011-04-18T12:50:34","date_gmt":"2011-04-18T12:50:34","guid":{"rendered":"http:\/\/www.musicbar.cz\/?p=1207"},"modified":"2011-04-18T12:50:34","modified_gmt":"2011-04-18T12:50:34","slug":"prago-union-s-kapelou-v-lucerne-jiz-zitra-uz-jste-se-seznamili","status":"publish","type":"post","link":"https:\/\/musicbar.cz\/en\/nezarazene\/prago-union-s-kapelou-v-lucerne-jiz-zitra-uz-jste-se-seznamili\/","title":{"rendered":"Prago Union s kapelou v Lucern\u011b ji\u017e z\u00edtra! U\u017e jste se sezn\u00e1mili?"},"content":{"rendered":"<p><strong><a href=\"http:\/\/www.musicbar.cz\/wp-content\/uploads\/2011\/04\/prago_union_lmb.jpg\"><img loading=\"lazy\" decoding=\"async\" class=\"alignleft size-full wp-image-1208\" title=\"prago_union_lmb_\" src=\"http:\/\/www.musicbar.cz\/wp-content\/uploads\/2011\/04\/prago_union_lmb_.jpg\" alt=\"\" width=\"170\" height=\"170\" srcset=\"https:\/\/storage.googleapis.com\/goout-wordpress-uploads\/musicbarcz\/2011\/04\/prago_union_lmb_.jpg 170w, https:\/\/storage.googleapis.com\/goout-wordpress-uploads\/musicbarcz\/2011\/04\/prago_union_lmb_-300x300.jpg 300w, https:\/\/storage.googleapis.com\/goout-wordpress-uploads\/musicbarcz\/2011\/04\/prago_union_lmb_-900x900.jpg 900w\" sizes=\"auto, (max-width: 170px) 100vw, 170px\" \/><\/a>Prago Union + Liv\u011b Band<\/strong> je spojen\u00ed, kter\u00fd p\u0159ed p\u016fl rokem vyprodalo <strong>Lucernu<\/strong>. Velik\u00fdm hal\u00f3 Listopadov\u00e9ho dvojkoncertu v\u00a0<strong>LMB<\/strong> to ale rozhodn\u011b neskon\u010dilo. <strong>Prago<\/strong> s \u017eivou kapelou u\u017e vid\u011bli v Brn\u011b, Ostrav\u011b, Ko\u0161ic\u00edch, Byst\u0159ici nad Pern\u0161tejnem, \u010dek\u00e1 je cel\u00e1 festivalov\u00e1 sezona a hlavn\u011b, u\u017e v \u00fater\u00fd 19.4. se chyst\u00e1 velk\u00fd n\u00e1vrat na m\u00edsto \u010dinu &#8211; do <strong>Lucerna Music Baru<\/strong>&#8230; Kapela je takov\u00e1, kapela ja makov\u00e1. Kapela se neust\u00e1le sehr\u00e1v\u00e1 a vyhr\u00e1v\u00e1. Kapela skl\u00edz\u00ed \u00fasp\u011bchy nejen v bran\u017ei, kde tomu &#8220;poslucha\u010di nerozum\u00ed&#8221;. Kapela u\u017e za\u010d\u00edn\u00e1 spolupracovat i s dal\u0161\u00edmi lidmi na sc\u00e9n\u011b. Ale kdo je vlastn\u011b ta kapela? Kdo je kapeln\u00edk <strong>Radimo<\/strong>, co na koncertech st\u00edh\u00e1 \u0161ermovat s\u00e1gem, fl\u00e9tnou i MPC\u010dkem <!--more-->a p\u0159itom dirigovat celou partu? Kdo je zakuklenej mistr \u010daje a bas\u00e1k v jedn\u00fd osob\u011b <strong>Honza<\/strong> aka <strong>Watcha<\/strong>? Kdo je charizmatickej, neuv\u011b\u0159iteln\u011b rytmickej buben\u00edk <strong>Bob<\/strong> aka <strong>El Boogie Man<\/strong>, kter\u00fdmu pumpuje v \u017eil\u00e1ch beat? Kdo je zvl\u00e1\u0161tn\u011b vypadaj\u00edc\u00ed, technicky a znalostma o muzice neuv\u011b\u0159iteln\u011b nadrcenej kytarista <strong>Marek<\/strong> aka <strong>Mraky Mrak<\/strong>? Co maj\u00ed za sebou? Jakejma kapelama pro\u0161li? Jak\u00fd styly hr\u00e1li a jak\u00fd styly cen\u00ed? Jak se dostali k hran\u00ed v hiphopov\u00fd kapele? Pro\u010d zrovna <strong>Prago<\/strong>? Jak je to bav\u00ed a napl\u0148uje jako hr\u00e1\u010de? Jakej hip hop sami poslouchaj? Co maj\u00ed p\u0159ed sebou? A jak tuhle spolupr\u00e1ci s odstupem prvn\u00edho p\u016fl roku vn\u00edm\u00e1 z\u00e1kladn\u00ed sestava <strong>Prago Union<\/strong> &#8211; <strong>Kato<\/strong> a <strong>DJ Maro<\/strong>?<\/p>\n<p>To se dozv\u00ed\u0161 v n\u00e1sleduj\u00edc\u00ed s\u00e9rii profilov\u00fdch videorozhovor\u016f na <strong>www.pragounion.cz<\/strong> a na <a href=\"www.youtube.com\/user\/PragoPYCO1\" target=\"_blank\">YouTube kan\u00e1lu <strong>Prago Union<\/strong><\/a>, kde se a\u017e do koncertu v <strong>LMB<\/strong> v \u00fater\u00fd 19.4. postupn\u011b objev\u00ed pohledy v\u0161ech \u010dlen\u016f PU. Tohle je <strong>PRAGO UNION LIV\u011a BAND<\/strong>!<\/p>\n<p>Tak\u017ee pro rekapitulaci je\u0161t\u011b jednou: nejbli\u017e\u0161\u00ed \u0161ance, jak vid\u011bt <strong>Prago Union Liv\u011b Band<\/strong> v akci je u\u017e v \u00fater\u00fd 19.4. na dom\u00e1c\u00edm h\u0159i\u0161ti PU v <strong>Lucerna Music Baru<\/strong> v r\u00e1mci akce <strong>Nad\u017eivotn\u00ed BOOMBOX<\/strong>. T\u011b\u0161it se m\u016f\u017eete nejen na kapelu, kter\u00e1 po p\u016fl roce a n\u011bkolik v\u011bt\u0161\u00edch koncertech hraje zase o dost l\u00edp, ne\u017e minule, ale taky na skladby, kter\u00e9 minule nezazn\u011bli. &#8220;Zak\u00e1zan\u00fd ovoce&#8221;, &#8220;Katasrofy&#8221;, &#8220;Sklep&#8221; a samoz\u0159ejm\u011b &#8220;Nad\u017eivotn\u00ed&#8221;. L\u00edstky jsou st\u00e1le k m\u00e1n\u00ed, ale p\u0159i vzpom\u00ednce na minule tot\u00e1ln\u011b vyprodan\u00fd mejdan se d\u016frazn\u011b doporu\u010duje po\u0159\u00eddit si sv\u016fj lupen v\u010das.<\/p>\n<p>Prago, py\u010do!<\/p>\n","protected":false},"excerpt":{"rendered":"<p>Prago Union + Liv\u011b Band je spojen\u00ed, kter\u00fd p\u0159ed p\u016fl rokem vyprodalo Lucernu. Velik\u00fdm hal\u00f3 Listopadov\u00e9ho dvojkoncertu v\u00a0LMB to ale rozhodn\u011b neskon\u010dilo. Prago s \u017eivou kapelou u\u017e vid\u011bli v Brn\u011b, Ostrav\u011b, Ko\u0161ic\u00edch, Byst\u0159ici nad Pern\u0161tejnem, \u010dek\u00e1 je cel\u00e1 festivalov\u00e1 sezona a hlavn\u011b, u\u017e v \u00fater\u00fd 19.4. se chyst\u00e1 velk\u00fd n\u00e1vrat na m\u00edsto \u010dinu &#8211; do [&hellip;]<\/p>\n","protected":false},"author":6,"featured_media":0,"comment_status":"open","ping_status":"closed","sticky":false,"template":"","format":"standard","meta":{"_acf_changed":false,"footnotes":""},"categories":[1,404],"tags":[],"class_list":["post-1207","post","type-post","status-publish","format-standard","hentry","category-nezarazene","category-novinky"],"acf":[],"_links":{"self":[{"href":"https:\/\/musicbar.cz\/en\/wp-json\/wp\/v2\/posts\/1207","targetHints":{"allow":["GET"]}}],"collection":[{"href":"https:\/\/musicbar.cz\/en\/wp-json\/wp\/v2\/posts"}],"about":[{"href":"https:\/\/musicbar.cz\/en\/wp-json\/wp\/v2\/types\/post"}],"author":[{"embeddable":true,"href":"https:\/\/musicbar.cz\/en\/wp-json\/wp\/v2\/users\/6"}],"replies":[{"embeddable":true,"href":"https:\/\/musicbar.cz\/en\/wp-json\/wp\/v2\/comments?post=1207"}],"version-history":[{"count":0,"href":"https:\/\/musicbar.cz\/en\/wp-json\/wp\/v2\/posts\/1207\/revisions"}],"wp:attachment":[{"href":"https:\/\/musicbar.cz\/en\/wp-json\/wp\/v2\/media?parent=1207"}],"wp:term":[{"taxonomy":"category","embeddable":true,"href":"https:\/\/musicbar.cz\/en\/wp-json\/wp\/v2\/categories?post=1207"},{"taxonomy":"post_tag","embeddable":true,"href":"https:\/\/musicbar.cz\/en\/wp-json\/wp\/v2\/tags?post=1207"}],"curies":[{"name":"wp","href":"https:\/\/api.w.org\/{rel}","templated":true}]}}