{"id":5830,"date":"2014-04-02T10:00:56","date_gmt":"2014-04-02T08:00:56","guid":{"rendered":"http:\/\/www.musicbar.cz\/?p=5830"},"modified":"2014-04-03T10:09:00","modified_gmt":"2014-04-03T08:09:00","slug":"bara-basikova-vystoupi-na-charitativnim-koncerte","status":"publish","type":"post","link":"https:\/\/musicbar.cz\/cs\/novinky\/bara-basikova-vystoupi-na-charitativnim-koncerte\/","title":{"rendered":"B\u00e1ra Basikov\u00e1 vystoup\u00ed na charitativn\u00edm koncert\u011b"},"content":{"rendered":"<p><a href=\"http:\/\/www.musicbar.cz\/wp-content\/uploads\/2014\/02\/basikova_170x170.jpg\"><img loading=\"lazy\" decoding=\"async\" class=\"alignleft size-full wp-image-5728\" alt=\"basikova_170x170\" src=\"http:\/\/www.musicbar.cz\/wp-content\/uploads\/2014\/02\/basikova_170x170.jpg\" width=\"170\" height=\"170\" \/><\/a>Zp\u011bva\u010dka<strong> B\u00e1ra Basikov\u00e1<\/strong> vystoup\u00ed u n\u00e1s se svou kapelou <strong>15. dubna<\/strong>\u00a0na podporu projektu <strong>Nov\u00fd \u017eivot d\u00edky plastice,<\/strong> jeho\u017e je letos hlavn\u00ed patronkou. T\u011b\u0161it se m\u016f\u017eete na nov\u00e9 p\u00edsni\u010dky z aktu\u00e1ln\u00edho alba <strong>Belleville<\/strong> i na nejv\u011bt\u0161\u00ed hity, kter\u00fdch B\u00e1ra za celou svou bohatou kari\u00e9ru nasb\u00edrala nepo\u010d\u00edtan\u011b.\u00a0Nov\u00fd \u017eivot d\u00edky plastice je jedine\u010dn\u00fd charitativn\u00ed projekt Dr. Tom\u00e1\u0161e Dole\u017eala ur\u010den\u00fd v\u0161em, kter\u00e9 tr\u00e1p\u00ed viditeln\u00e1 a pomoc\u00ed plastick\u00e9 chirurgie odstraniteln\u00e1 vada na kr\u00e1se. C\u00edlem projektu je nejen \u201eopravit\u201c fyzick\u00e9 nedostatky na kr\u00e1se, ale p\u0159edev\u0161\u00edm navr\u00e1tit ztracen\u00e9 sebev\u011bdom\u00ed, psychickou pohodu a \u017e\u00edt plnohodnotn\u00fd \u017eivot bez mindr\u00e1k\u016f.<!--more--> Nov\u00fd \u017eivot d\u00edky plastice nen\u00ed lhostejn\u00fd k druh\u00fdm a chce pom\u00e1hat je\u0161t\u011b v\u00edce. Proto v\u011bnuje ka\u017ed\u00fd rok ve\u0161ker\u00e9 vybran\u00e9 finan\u010dn\u00ed prost\u0159edky od v\u00fdherky\u0148 (symbolickou \u010d\u00e1stku za operaci) a partner\u016f projektu t\u011bm, kte\u0159\u00ed se bez ciz\u00ed pomoci neobejdou, nap\u0159. onkologick\u00fdm pacient\u016fm v boji s rakovinou.<\/p>\n<p><iframe loading=\"lazy\" src=\"\/\/www.youtube.com\/embed\/17N_CDwyW5I?rel=0\" height=\"315\" width=\"560\" allowfullscreen=\"\" frameborder=\"0\"><\/iframe><br \/>\nVe\u010der zah\u00e1j\u00ed pop-indie kapela Nebezpe\u010dn\u00e9 zn\u00e1mosti, kterou zalo\u017eili v roce 1998 b\u00fdval\u00ed \u010dlenov\u00e9 skupin Toyen, Shannen Grey, The Trial a Decline. Nebezpe\u010dn\u00e9 zn\u00e1mosti se po n\u011bkolikalet\u00e9 pauze vracej\u00ed na p\u00f3dia a pracuj\u00ed na nov\u00e9m albu. D\u00e1le vystoup\u00ed nov\u00e1 \u010desk\u00e1 skupina V\u0161ichni svat\u00ed, kter\u00e1 v r\u00e1mci sv\u00e9ho koncertu pok\u0159t\u00ed nov\u00e9 album Vyt\u00e1hni m\u011b z davu. V\u0161ichni svat\u00ed je projekt zku\u0161en\u00fdch hudebn\u00edk\u016f, kte\u0159\u00ed st\u00e1li u zrodu skupiny Lucie a maj\u00ed za sebou spolupr\u00e1ci s Petrem Mukem, B\u00e1rou Basikovou a dal\u0161\u00edmi um\u011blci. Po koncert\u011b B\u00e1ry Basikov\u00e9 bude n\u00e1sledovat popul\u00e1rn\u00ed 80s video party DJe Jirky Neumanna, kter\u00e1 bude tentokr\u00e1t zam\u011b\u0159ena na novoromantick\u00e9, post-punkov\u00e9 a gotick\u00e9 kapely.<\/p>\n<p><iframe loading=\"lazy\" src=\"\/\/www.youtube.com\/embed\/RmMq4AhyBI0?rel=0\" height=\"315\" width=\"560\" allowfullscreen=\"\" frameborder=\"0\"><\/iframe><\/p>\n<p><iframe loading=\"lazy\" src=\"\/\/www.youtube.com\/embed\/BRyphmQxzBk?rel=0\" height=\"315\" width=\"560\" allowfullscreen=\"\" frameborder=\"0\"><\/iframe><\/p>\n<p>V\u00fdt\u011b\u017eek z t\u00e9to charitativn\u00ed akce putuje na konto projektu Nov\u00fd \u017eivot d\u00edky plastice.<\/p>\n<p>Vstupenky v p\u0159edprodeji po\u0159\u00edd\u00edte nejlevn\u011bji bez poplatku na pokladn\u011b Lucerna Music Baru za 200 K\u010d. D\u00e1le pohodln\u011b p\u0159\u00edmo na webu Lucerna Music Baru a v p\u0159edprodejn\u00edch s\u00edt\u00edch Ticketpro, Ticketportal, Eventim a Ticketstream nav\u00fd\u0161en\u00e9 o poplatek prodejce. Cena na m\u00edst\u011b 250 K\u010d.<\/p>\n<p>VSTUPENKY <a href=\"http:\/\/www.musicbar.cz\/program\/bara-basikova-band\/\">ZDE<\/a><\/p>\n<p>B\u00c1RA BASIKOV\u00c1 &amp; BAND<br \/>\n+ 80s new romance video party DJ Jirky Neumanna<br \/>\nCharitativn\u00ed koncert na podporu projektu Nov\u00fd \u017eivot d\u00edky plastice<br \/>\nSupport: V\u0161ichni svat\u00ed, Nebezpe\u010dn\u00e9 zn\u00e1mosti<\/p>\n<p>15. 4. 2014, 19:00<br \/>\nLucerna Music Bar, Praha<br \/>\nwww.musicbar.cz<br \/>\nwww.barabasikova.cz<br \/>\nwww.novyzivotdikyplastice.cz<\/p>","protected":false},"excerpt":{"rendered":"<p>Zp\u011bva\u010dka B\u00e1ra Basikov\u00e1 vystoup\u00ed u n\u00e1s se svou kapelou 15. dubna\u00a0na podporu projektu Nov\u00fd \u017eivot d\u00edky plastice, jeho\u017e je letos hlavn\u00ed patronkou. T\u011b\u0161it se m\u016f\u017eete na nov\u00e9 p\u00edsni\u010dky z aktu\u00e1ln\u00edho alba Belleville i na nejv\u011bt\u0161\u00ed hity, kter\u00fdch B\u00e1ra za celou svou bohatou kari\u00e9ru nasb\u00edrala nepo\u010d\u00edtan\u011b.\u00a0Nov\u00fd \u017eivot d\u00edky plastice je jedine\u010dn\u00fd charitativn\u00ed projekt Dr. Tom\u00e1\u0161e Dole\u017eala [&hellip;]<\/p>\n","protected":false},"author":6,"featured_media":0,"comment_status":"closed","ping_status":"closed","sticky":false,"template":"","format":"standard","meta":{"_acf_changed":false,"footnotes":""},"categories":[404],"tags":[],"class_list":["post-5830","post","type-post","status-publish","format-standard","hentry","category-novinky"],"acf":[],"_links":{"self":[{"href":"https:\/\/musicbar.cz\/cs\/wp-json\/wp\/v2\/posts\/5830","targetHints":{"allow":["GET"]}}],"collection":[{"href":"https:\/\/musicbar.cz\/cs\/wp-json\/wp\/v2\/posts"}],"about":[{"href":"https:\/\/musicbar.cz\/cs\/wp-json\/wp\/v2\/types\/post"}],"author":[{"embeddable":true,"href":"https:\/\/musicbar.cz\/cs\/wp-json\/wp\/v2\/users\/6"}],"replies":[{"embeddable":true,"href":"https:\/\/musicbar.cz\/cs\/wp-json\/wp\/v2\/comments?post=5830"}],"version-history":[{"count":1,"href":"https:\/\/musicbar.cz\/cs\/wp-json\/wp\/v2\/posts\/5830\/revisions"}],"predecessor-version":[{"id":5831,"href":"https:\/\/musicbar.cz\/cs\/wp-json\/wp\/v2\/posts\/5830\/revisions\/5831"}],"wp:attachment":[{"href":"https:\/\/musicbar.cz\/cs\/wp-json\/wp\/v2\/media?parent=5830"}],"wp:term":[{"taxonomy":"category","embeddable":true,"href":"https:\/\/musicbar.cz\/cs\/wp-json\/wp\/v2\/categories?post=5830"},{"taxonomy":"post_tag","embeddable":true,"href":"https:\/\/musicbar.cz\/cs\/wp-json\/wp\/v2\/tags?post=5830"}],"curies":[{"name":"wp","href":"https:\/\/api.w.org\/{rel}","templated":true}]}}