{"id":5812,"date":"2014-03-23T12:52:35","date_gmt":"2014-03-23T10:52:35","guid":{"rendered":"http:\/\/www.musicbar.cz\/?post_type=program&#038;p=5812"},"modified":"2014-04-26T12:44:56","modified_gmt":"2014-04-26T10:44:56","slug":"arstidir-isl","status":"publish","type":"post","link":"https:\/\/musicbar.cz\/cs\/program\/arstidir-isl\/","title":{"rendered":"\u00c1RST\u00cdDIR \/ ISL"},"content":{"rendered":"<p>Sc\u00e9nick\u00e9 krajiny islandsk\u00fdch p\u00edsn\u00ed, intimn\u00ed kytarov\u00e1 s\u00f3la, emotivn\u00ed komorn\u00ed hudba, v\u0161emi t\u011bmito slovy by se dala baladick\u00e1 hudebn\u00ed skupina z Reykjav\u00edku charakterizovat. \u00c1rst\u00eddir je akustick\u00e1 vok\u00e1ln\u00ed hudebn\u00ed skupina, kter\u00e1 ve sv\u00fdch skladb\u00e1ch propojuje t\u00e9mata p\u0159\u00edrody, hled\u00e1n\u00ed, rozervanosti i t\u00edsn\u011b. Jej\u00ed \u010dlenov\u00e9 zp\u00edvaj\u00ed, hraj\u00ed na strunn\u00e9 n\u00e1stroje, klav\u00edr a kytary. V\u00fdsledkem je neoby\u010dejn\u011b \u0161irok\u00e9 spektrum t\u00f3n\u016f a zvuk\u016f, umoc\u0148ovan\u00fdch v\u00fdjime\u010dn\u00fdm rozsahem a barvou \u0161esti mu\u017esk\u00fdch hlas\u016f. Hudba \u00c1rst\u00eddiru je kombinac\u00ed klasiky a popu, n\u011bkdy proto naz\u00fdvan\u00e1 komorn\u00edm popem.<\/p>\n<p>B\u011bhem p\u011bti let sv\u00e9 existence kapela vydala dv\u011b kompletn\u00ed\/dlouhotrvaj\u00edc\u00ed alba a jeden EP remix. Jak ob\u011b alba, tak remix jsou vysoce cen\u011bna hudebn\u00edmi kritiky. Ji\u017e dv\u011b skladby \u00c1rst\u00eddiru se dostaly na prvn\u00ed m\u00edsto hitpar\u00e1dy islandsk\u00e9ho r\u00e1dia. Kapela mnohokr\u00e1t \u00fa\u010dinkovala v TV programech na Islandu, ve \u0160v\u00e9dsku, Rusku, N\u011bmecku a \u010cesk\u00e9 republice. B\u011bhem sv\u00fdch turn\u00e9 prok\u00e1zala, \u017ee nen\u00ed nutn\u00e9 rozum\u011bt neuchopiteln\u00e9 island\u0161tin\u011b nebo zn\u00e1t tradice tohoto mal\u00e9ho prastar\u00e9ho n\u00e1roda, aby poslucha\u010di na z\u00e1v\u011br koncertu st\u00e1li a tleskali se slzami v o\u010d\u00edch na vyprodan\u00fdch p\u00f3di\u00edch po cel\u00e9 Evrop\u011b. P\u0159\u00edkladem m\u016f\u017ee b\u00fdt jejich \u00fachvatn\u00fd koncert na festivalu Colours of Ostrava, kter\u00e9mu vestoje aplaudoval po st\u0159echu napln\u011bn\u00fd Gong.<\/p>\n<p>Parnerem koncertu je <a href=\"http:\/\/www.skandinavskydum.cz\/\" target=\"_blank\">Skandin\u00e1vsk\u00fd d\u016fm<\/a>.<\/p>","protected":false},"excerpt":{"rendered":"<p>Sc\u00e9nick\u00e9 krajiny islandsk\u00fdch p\u00edsn\u00ed, intimn\u00ed kytarov\u00e1 s\u00f3la, emotivn\u00ed komorn\u00ed hudba, v\u0161emi t\u011bmito slovy by se dala baladick\u00e1 hudebn\u00ed skupina z Reykjav\u00edku charakterizovat. \u00c1rst\u00eddir je akustick\u00e1 vok\u00e1ln\u00ed hudebn\u00ed skupina, kter\u00e1 ve sv\u00fdch skladb\u00e1ch propojuje t\u00e9mata p\u0159\u00edrody, hled\u00e1n\u00ed, rozervanosti i t\u00edsn\u011b. Jej\u00ed \u010dlenov\u00e9 zp\u00edvaj\u00ed, hraj\u00ed na strunn\u00e9 n\u00e1stroje, klav\u00edr a kytary. V\u00fdsledkem je neoby\u010dejn\u011b \u0161irok\u00e9 spektrum t\u00f3n\u016f [&hellip;]<\/p>\n","protected":false},"author":6,"featured_media":0,"comment_status":"closed","ping_status":"closed","sticky":false,"template":"","format":"standard","meta":{"_acf_changed":false,"footnotes":""},"categories":[405],"tags":[],"class_list":["post-5812","post","type-post","status-publish","format-standard","hentry","category-program"],"acf":[],"_links":{"self":[{"href":"https:\/\/musicbar.cz\/cs\/wp-json\/wp\/v2\/posts\/5812","targetHints":{"allow":["GET"]}}],"collection":[{"href":"https:\/\/musicbar.cz\/cs\/wp-json\/wp\/v2\/posts"}],"about":[{"href":"https:\/\/musicbar.cz\/cs\/wp-json\/wp\/v2\/types\/post"}],"author":[{"embeddable":true,"href":"https:\/\/musicbar.cz\/cs\/wp-json\/wp\/v2\/users\/6"}],"replies":[{"embeddable":true,"href":"https:\/\/musicbar.cz\/cs\/wp-json\/wp\/v2\/comments?post=5812"}],"version-history":[{"count":0,"href":"https:\/\/musicbar.cz\/cs\/wp-json\/wp\/v2\/posts\/5812\/revisions"}],"wp:attachment":[{"href":"https:\/\/musicbar.cz\/cs\/wp-json\/wp\/v2\/media?parent=5812"}],"wp:term":[{"taxonomy":"category","embeddable":true,"href":"https:\/\/musicbar.cz\/cs\/wp-json\/wp\/v2\/categories?post=5812"},{"taxonomy":"post_tag","embeddable":true,"href":"https:\/\/musicbar.cz\/cs\/wp-json\/wp\/v2\/tags?post=5812"}],"curies":[{"name":"wp","href":"https:\/\/api.w.org\/{rel}","templated":true}]}}