{"id":5796,"date":"2014-03-13T18:26:23","date_gmt":"2014-03-13T16:26:23","guid":{"rendered":"http:\/\/www.musicbar.cz\/?post_type=program&#038;p=5796"},"modified":"2014-04-24T14:58:26","modified_gmt":"2014-04-24T12:58:26","slug":"zluty-pes","status":"publish","type":"post","link":"https:\/\/musicbar.cz\/cs\/program\/zluty-pes\/","title":{"rendered":"\u017dLUT\u00dd PES"},"content":{"rendered":"<p>Skupina \u017dlut\u00fd pes loni oslavila 35 let sv\u00e9ho p\u016fsoben\u00ed, aby s\u00a0nov\u00fdm rokem vkro\u010dila do dejvick\u00e9ho nahr\u00e1vac\u00edho studia Faust Records. V\u00fdsledkem je album s n\u00e1zvem <i>Stroj \u010dasu, <\/i>kter\u00e9 kapela pok\u0159t\u00ed v den vyd\u00e1n\u00ed 30. dubna na koncert\u011b v Lucerna Music Baru.\u00a0Album je v\u00fdjime\u010dn\u00e9 v tom, \u017ee jde o zlat\u00fd poklad kapely, songy, se kter\u00fdmi \u017dlut\u00fd pes t\u011b\u0161il sv\u00e9 p\u0159\u00edznivce v osmdes\u00e1t\u00fdch letech, ale nikdy se neobjevily na hudebn\u00edm nosi\u010di, proto\u017ee\u00a0 \u017dlut\u00fd pes tehdy pat\u0159il spolu s Jasnou P\u00e1kou a Pra\u017esk\u00fdm v\u00fdb\u011brem mezi zakazovan\u00e9 um\u011blce. <i>\u201eKdy\u017e n\u00e1m osud dal kone\u010dn\u011b \u0161anci, byli jsme u\u017e jinde\u201c<\/i>, vzpom\u00edn\u00e1 frontman kapely Ond\u0159ej Hejma.<\/p>\n<p>Autorsky se na reperto\u00e1ru pod\u00edlej\u00ed hlavn\u011b jej\u00ed n\u011bkdej\u0161\u00ed zakladatel\u00e9 &#8211; Hejma a Ivan Hlas. Radost si kapela ud\u011blala i t\u0159emi coververzemi (Bob Dylan, Lynyrd Skynyrd, Molly Hatchet). Album produkoval Lubo\u0161 Malina, kter\u00fd na albu tak\u00e9 hostuje s Druhou Tr\u00e1vou, na mixech se pod\u00edleli Steve Walsh a Luk\u00e1\u0161 Mart\u00ednek.\u00a0<i>Stroj \u010dasu <\/i>vyjde nejen na CD, ale v\u00a0odli\u0161n\u00e9 sestav\u011b tak\u00e9 na vinylu a s\u00a0dv\u011bma bonusy i v\u00a0digit\u00e1ln\u00ed verzi.<\/p>","protected":false},"excerpt":{"rendered":"<p>Skupina \u017dlut\u00fd pes loni oslavila 35 let sv\u00e9ho p\u016fsoben\u00ed, aby s\u00a0nov\u00fdm rokem vkro\u010dila do dejvick\u00e9ho nahr\u00e1vac\u00edho studia Faust Records. V\u00fdsledkem je album s n\u00e1zvem Stroj \u010dasu, kter\u00e9 kapela pok\u0159t\u00ed v den vyd\u00e1n\u00ed 30. dubna na koncert\u011b v Lucerna Music Baru.\u00a0Album je v\u00fdjime\u010dn\u00e9 v tom, \u017ee jde o zlat\u00fd poklad kapely, songy, se kter\u00fdmi \u017dlut\u00fd pes [&hellip;]<\/p>\n","protected":false},"author":6,"featured_media":0,"comment_status":"closed","ping_status":"closed","sticky":false,"template":"","format":"standard","meta":{"_acf_changed":false,"footnotes":""},"categories":[405],"tags":[],"class_list":["post-5796","post","type-post","status-publish","format-standard","hentry","category-program"],"acf":[],"_links":{"self":[{"href":"https:\/\/musicbar.cz\/cs\/wp-json\/wp\/v2\/posts\/5796","targetHints":{"allow":["GET"]}}],"collection":[{"href":"https:\/\/musicbar.cz\/cs\/wp-json\/wp\/v2\/posts"}],"about":[{"href":"https:\/\/musicbar.cz\/cs\/wp-json\/wp\/v2\/types\/post"}],"author":[{"embeddable":true,"href":"https:\/\/musicbar.cz\/cs\/wp-json\/wp\/v2\/users\/6"}],"replies":[{"embeddable":true,"href":"https:\/\/musicbar.cz\/cs\/wp-json\/wp\/v2\/comments?post=5796"}],"version-history":[{"count":0,"href":"https:\/\/musicbar.cz\/cs\/wp-json\/wp\/v2\/posts\/5796\/revisions"}],"wp:attachment":[{"href":"https:\/\/musicbar.cz\/cs\/wp-json\/wp\/v2\/media?parent=5796"}],"wp:term":[{"taxonomy":"category","embeddable":true,"href":"https:\/\/musicbar.cz\/cs\/wp-json\/wp\/v2\/categories?post=5796"},{"taxonomy":"post_tag","embeddable":true,"href":"https:\/\/musicbar.cz\/cs\/wp-json\/wp\/v2\/tags?post=5796"}],"curies":[{"name":"wp","href":"https:\/\/api.w.org\/{rel}","templated":true}]}}