{"id":5611,"date":"2013-12-20T17:26:52","date_gmt":"2013-12-20T15:26:52","guid":{"rendered":"http:\/\/www.musicbar.cz\/?post_type=program&#038;p=5611"},"modified":"2014-02-11T19:14:05","modified_gmt":"2014-02-11T17:14:05","slug":"omar-perry-jam-medial-banana-sk","status":"publish","type":"post","link":"https:\/\/musicbar.cz\/cs\/program\/omar-perry-jam-medial-banana-sk\/","title":{"rendered":"OMAR PERRY \/ JAM + MEDIAL BANANA \/ SK &#038; MORE"},"content":{"rendered":"<p>Pravideln\u011b v \u00fanoru oslavuje hudebn\u00ed sv\u011bt narozeniny kr\u00e1le reggae Boba Marleyho, kter\u00fd bez debat ovlivnil i mnoho dal\u0161\u00edch hudebn\u00edch \u017e\u00e1nr\u016f. Letos u oslav nebude chyb\u011bt ani \u010cesk\u00e1 republika. Klub Lucerna Music Bar p\u0159ipravuje na 13. \u00fanora velk\u00fd vzpom\u00ednkov\u00fd koncert, na kter\u00e9m vystoup\u00ed mimo jin\u00e9 Omar Perry, syn elektronick\u00e9ho \u0161amana a jednoho ze z\u00e1sadn\u00edch\u00a0pr\u016fkopn\u00edk\u016f dubu <b>Lee \u201eScratch\u201c Perry<\/b>ho, kter\u00fd byl naprosto z\u00e1sadn\u00edm producentem i pro Boba Marleyho! <b>Omar Perry<\/b> se narodil na Jamajce v\u00a0roce 1968 a tak doslova vyr\u016fstal v v\u00a0legend\u00e1rn\u00edm studiu <b>Black Ark<\/b>, kde se u\u010dil nejen od sv\u00e9ho otce a Boba Marleyho, ale tak\u00e9 t\u0159eba Maxe Romea nebo ned\u00e1vno zesnul\u00e9ho Juniora Murvina. Prvn\u00ed p\u00edsni\u010dky tam s\u00e1m nazp\u00edval u v\u00a0\u0161esti letech a v\u00a0p\u016flce 80. let zalo\u017eil spole\u010dn\u011b se sv\u00fdmi sourozenci skupinu <strong>the<\/strong> <b>Upsetter Juniors<\/b>, kter\u00e1 za\u010dala pozd\u011bji i sama produkovat dal\u0161\u00ed mlad\u00e9 jamajsk\u00e9 talenty.<\/p>\n<p>OMAR PERRY &amp; BAND<br \/>\nMEDIAL BANANA (SK)<br \/>\nSISTA CARMEN acoustic (United Flavour)<br \/>\nMYSTIC MC (DK)<\/p>","protected":false},"excerpt":{"rendered":"<p>Pravideln\u011b v \u00fanoru oslavuje hudebn\u00ed sv\u011bt narozeniny kr\u00e1le reggae Boba Marleyho, kter\u00fd bez debat ovlivnil i mnoho dal\u0161\u00edch hudebn\u00edch \u017e\u00e1nr\u016f. Letos u oslav nebude chyb\u011bt ani \u010cesk\u00e1 republika. Klub Lucerna Music Bar p\u0159ipravuje na 13. \u00fanora velk\u00fd vzpom\u00ednkov\u00fd koncert, na kter\u00e9m vystoup\u00ed mimo jin\u00e9 Omar Perry, syn elektronick\u00e9ho \u0161amana a jednoho ze z\u00e1sadn\u00edch\u00a0pr\u016fkopn\u00edk\u016f dubu Lee [&hellip;]<\/p>\n","protected":false},"author":6,"featured_media":0,"comment_status":"closed","ping_status":"closed","sticky":false,"template":"","format":"standard","meta":{"_acf_changed":false,"footnotes":""},"categories":[405],"tags":[],"class_list":["post-5611","post","type-post","status-publish","format-standard","hentry","category-program"],"acf":[],"_links":{"self":[{"href":"https:\/\/musicbar.cz\/cs\/wp-json\/wp\/v2\/posts\/5611","targetHints":{"allow":["GET"]}}],"collection":[{"href":"https:\/\/musicbar.cz\/cs\/wp-json\/wp\/v2\/posts"}],"about":[{"href":"https:\/\/musicbar.cz\/cs\/wp-json\/wp\/v2\/types\/post"}],"author":[{"embeddable":true,"href":"https:\/\/musicbar.cz\/cs\/wp-json\/wp\/v2\/users\/6"}],"replies":[{"embeddable":true,"href":"https:\/\/musicbar.cz\/cs\/wp-json\/wp\/v2\/comments?post=5611"}],"version-history":[{"count":1,"href":"https:\/\/musicbar.cz\/cs\/wp-json\/wp\/v2\/posts\/5611\/revisions"}],"predecessor-version":[{"id":5612,"href":"https:\/\/musicbar.cz\/cs\/wp-json\/wp\/v2\/posts\/5611\/revisions\/5612"}],"wp:attachment":[{"href":"https:\/\/musicbar.cz\/cs\/wp-json\/wp\/v2\/media?parent=5611"}],"wp:term":[{"taxonomy":"category","embeddable":true,"href":"https:\/\/musicbar.cz\/cs\/wp-json\/wp\/v2\/categories?post=5611"},{"taxonomy":"post_tag","embeddable":true,"href":"https:\/\/musicbar.cz\/cs\/wp-json\/wp\/v2\/tags?post=5611"}],"curies":[{"name":"wp","href":"https:\/\/api.w.org\/{rel}","templated":true}]}}