{"id":5496,"date":"2013-11-28T18:46:34","date_gmt":"2013-11-28T16:46:34","guid":{"rendered":"http:\/\/www.musicbar.cz\/?p=5496"},"modified":"2013-11-28T21:13:07","modified_gmt":"2013-11-28T19:13:07","slug":"xavier-baumaxa-s-kapelou-uz-v-pondeli","status":"publish","type":"post","link":"https:\/\/musicbar.cz\/cs\/novinky\/xavier-baumaxa-s-kapelou-uz-v-pondeli\/","title":{"rendered":"Xavier Baumaxa s kapelou u\u017e v pond\u011bl\u00ed!"},"content":{"rendered":"<p><a href=\"http:\/\/www.musicbar.cz\/wp-content\/uploads\/2013\/11\/xavier_baumaxa_170x170.jpg\"><img loading=\"lazy\" decoding=\"async\" class=\"alignleft size-full wp-image-5497\" alt=\"xavier_baumaxa_170x170\" src=\"http:\/\/www.musicbar.cz\/wp-content\/uploads\/2013\/11\/xavier_baumaxa_170x170.jpg\" width=\"170\" height=\"170\" srcset=\"https:\/\/storage.googleapis.com\/goout-wordpress-uploads\/musicbarcz\/2013\/11\/xavier_baumaxa_170x170.jpg 170w, https:\/\/storage.googleapis.com\/goout-wordpress-uploads\/musicbarcz\/2013\/11\/xavier_baumaxa_170x170-300x300.jpg 300w, https:\/\/storage.googleapis.com\/goout-wordpress-uploads\/musicbarcz\/2013\/11\/xavier_baumaxa_170x170-900x900.jpg 900w\" sizes=\"auto, (max-width: 170px) 100vw, 170px\" \/><\/a>U\u017e <strong>v pond\u011bl\u00ed 2. prosince<\/strong> vystoup\u00ed v Lucerna Music Baru <strong>Xavier Baumaxa<\/strong>. Popul\u00e1rn\u00ed litv\u00ednovsk\u00fd p\u00edsni\u010dk\u00e1\u0159 pro tentokr\u00e1t vym\u011bn\u00ed obvyklou \u0161pan\u011blku za elektrickou kytaru a p\u0159edstav\u00ed se na p\u00f3diu pra\u017esk\u00e9ho klubu spole\u010dn\u011b se svou kapelou <strong>Jazz Sextet<\/strong>, kter\u00e1 s n\u00edm nahr\u00e1la \u010d\u00e1st aktu\u00e1ln\u00edho alba Dawntempo. Sou\u010d\u00e1st\u00ed koncertu bude ofici\u00e1ln\u00ed p\u0159edstaven\u00ed nov\u00e9 audio sb\u00edrky b\u00e1sn\u00edka <strong>Em Rudenka<\/strong>. Xavi vydal na ja\u0159e leto\u0161n\u00edho roku nov\u00e9 album Dawntempo, kter\u00e9 obsahuje d\u00edky jeho v\u011brn\u00fdm fanou\u0161k\u016fm, jen\u017e se na album slo\u017eili prost\u0159ednictv\u00edm port\u00e1lu Hithit.cz, hned dva disky. Prvn\u00ed CD obsahuje p\u00edsn\u011b nahran\u00e9 klasicky se s\u00f3lo akustickou kytarou, druh\u00e9 nahr\u00e1l Baumaxa spole\u010dn\u011b s kapelou<!--more--> Jazz Sextet. Ta je slo\u017een\u00e1 z p\u0159edn\u00ed \u010desk\u00fdch muzikant\u016f s bohat\u00fdmi zku\u0161enostmi z mnoha r\u016fznorod\u00fdch projekt\u016f: Pavel Bady Zbo\u0159il &#8211; bic\u00ed, Martin Lehk\u00fd &#8211; bass, Miroslav Lacko &#8211; piano, Radek N\u011bmec &#8211; trubka, Jan \u0160atra &#8211; trombon. Dawntempo bylo pok\u0159t\u011bno v dubnu v zapln\u011bn\u00e9m Lucerna Music Baru a pro velk\u00fd \u00fasp\u011bch p\u0159iv\u00e1\u017e\u00ed Xavi celou kapelu znovu na m\u00edsto \u010dinu.<\/p>\n<p><iframe loading=\"lazy\" src=\"\/\/www.youtube.com\/embed\/Y05JDty58Lo\" height=\"315\" width=\"560\" allowfullscreen=\"\" frameborder=\"0\"><\/iframe><\/p>\n<p>Sou\u010d\u00e1st\u00ed koncertu bude ofici\u00e1ln\u00ed p\u0159edstaven\u00ed audio sb\u00edrky poezie ukrajinsk\u00e9ho b\u00e1sn\u00edka Em Rudenka s n\u00e1zvem M\u00e9 rann\u00ed prohry. Luxusn\u00ed, kni\u017en\u011b v\u00e1zan\u00e1 sb\u00edrka, bude k dost\u00e1n\u00ed za 300 K\u010d, obsahuje 37 b\u00e1sn\u00ed a tak\u00e9 bonusov\u00e9 CD, na kter\u00e9m jsou tyto b\u00e1sn\u011b narecitovan\u00e9 amat\u00e9rsk\u00fdmi i profesion\u00e1ln\u00edmi recit\u00e1tory, jako je nap\u0159. Ji\u0159\u00ed L\u00e1bus, Dan B\u00e1rta, Oto Klemp\u00ed\u0159, Ji\u0159\u00ed Mach\u00e1\u010dek, Marek Tacl\u00edk, Xavier Baumaxa, Honza K\u0159\u00ed\u017eek, Jirka Zem\u00e1nek atd.<\/p>\n<p>Vstupenky jsou v p\u0159edprodeji za 200 K\u010d na pokladn\u011b Lucerna Music Baru a v p\u0159edprodejn\u00edch s\u00edt\u00edch Ticketpro, Ticketportal, Eventim a Ticketstream nav\u00fd\u0161en\u00e9 o poplatky prodejce. Vstupenky m\u016f\u017eete pohodln\u011b zakoupit online p\u0159\u00edmo na webu klubu a Facebooku. Cena na m\u00edst\u011b 250 K\u010d.<\/p>","protected":false},"excerpt":{"rendered":"<p>U\u017e v pond\u011bl\u00ed 2. prosince vystoup\u00ed v Lucerna Music Baru Xavier Baumaxa. Popul\u00e1rn\u00ed litv\u00ednovsk\u00fd p\u00edsni\u010dk\u00e1\u0159 pro tentokr\u00e1t vym\u011bn\u00ed obvyklou \u0161pan\u011blku za elektrickou kytaru a p\u0159edstav\u00ed se na p\u00f3diu pra\u017esk\u00e9ho klubu spole\u010dn\u011b se svou kapelou Jazz Sextet, kter\u00e1 s n\u00edm nahr\u00e1la \u010d\u00e1st aktu\u00e1ln\u00edho alba Dawntempo. Sou\u010d\u00e1st\u00ed koncertu bude ofici\u00e1ln\u00ed p\u0159edstaven\u00ed nov\u00e9 audio sb\u00edrky b\u00e1sn\u00edka Em Rudenka. [&hellip;]<\/p>\n","protected":false},"author":6,"featured_media":0,"comment_status":"closed","ping_status":"closed","sticky":false,"template":"","format":"standard","meta":{"_acf_changed":false,"footnotes":""},"categories":[404],"tags":[],"class_list":["post-5496","post","type-post","status-publish","format-standard","hentry","category-novinky"],"acf":[],"_links":{"self":[{"href":"https:\/\/musicbar.cz\/cs\/wp-json\/wp\/v2\/posts\/5496","targetHints":{"allow":["GET"]}}],"collection":[{"href":"https:\/\/musicbar.cz\/cs\/wp-json\/wp\/v2\/posts"}],"about":[{"href":"https:\/\/musicbar.cz\/cs\/wp-json\/wp\/v2\/types\/post"}],"author":[{"embeddable":true,"href":"https:\/\/musicbar.cz\/cs\/wp-json\/wp\/v2\/users\/6"}],"replies":[{"embeddable":true,"href":"https:\/\/musicbar.cz\/cs\/wp-json\/wp\/v2\/comments?post=5496"}],"version-history":[{"count":0,"href":"https:\/\/musicbar.cz\/cs\/wp-json\/wp\/v2\/posts\/5496\/revisions"}],"wp:attachment":[{"href":"https:\/\/musicbar.cz\/cs\/wp-json\/wp\/v2\/media?parent=5496"}],"wp:term":[{"taxonomy":"category","embeddable":true,"href":"https:\/\/musicbar.cz\/cs\/wp-json\/wp\/v2\/categories?post=5496"},{"taxonomy":"post_tag","embeddable":true,"href":"https:\/\/musicbar.cz\/cs\/wp-json\/wp\/v2\/tags?post=5496"}],"curies":[{"name":"wp","href":"https:\/\/api.w.org\/{rel}","templated":true}]}}