{"id":5385,"date":"2013-11-07T11:30:56","date_gmt":"2013-11-07T09:30:56","guid":{"rendered":"http:\/\/www.musicbar.cz\/?p=5385"},"modified":"2013-11-07T15:33:24","modified_gmt":"2013-11-07T13:33:24","slug":"prago-union-zvou-na-odlozene-chlebicky","status":"publish","type":"post","link":"https:\/\/musicbar.cz\/cs\/novinky\/prago-union-zvou-na-odlozene-chlebicky\/","title":{"rendered":"Prago Union zvou na Odlo\u017een\u00e9 chleb\u00ed\u010dky"},"content":{"rendered":"<p><a href=\"http:\/\/www.musicbar.cz\/wp-content\/uploads\/2013\/11\/Prago_Union_Odlozene_chlebicky_cover_170x170.jpg\"><img loading=\"lazy\" decoding=\"async\" class=\"alignleft size-full wp-image-5386\" alt=\"Prago_Union_Odlozene_chlebicky_cover_170x170\" src=\"http:\/\/www.musicbar.cz\/wp-content\/uploads\/2013\/11\/Prago_Union_Odlozene_chlebicky_cover_170x170.jpg\" width=\"170\" height=\"170\" srcset=\"https:\/\/storage.googleapis.com\/goout-wordpress-uploads\/musicbarcz\/2013\/11\/Prago_Union_Odlozene_chlebicky_cover_170x170.jpg 170w, https:\/\/storage.googleapis.com\/goout-wordpress-uploads\/musicbarcz\/2013\/11\/Prago_Union_Odlozene_chlebicky_cover_170x170-300x300.jpg 300w, https:\/\/storage.googleapis.com\/goout-wordpress-uploads\/musicbarcz\/2013\/11\/Prago_Union_Odlozene_chlebicky_cover_170x170-900x900.jpg 900w\" sizes=\"auto, (max-width: 170px) 100vw, 170px\" \/><\/a>V\u011bt\u0161ina z v\u00e1s asi v\u00ed, \u017ee vous\u00e1\u010di z <b>Prago Union<\/b> ned\u011blaj\u00ed do cateringu. Tak, \u017ee by chystali vlastn\u00ed po\u0159ad o va\u0159en\u00ed? <b>Prago<\/b> v akci? Nikoli. Zat\u00edm. I kdy\u017e k akci se tato zpr\u00e1va v\u00e1\u017ee tak\u00e9. T\u00edm m\u00e1me na mysli <b>V\u00e1\u017en\u00fd Boombox<\/b> 14. listopadu v <b>Lucerna Music Baru<\/b>, kde budou Prago k\u0159t\u00edt svou zat\u00edm posledn\u00ed &#8222;studiovku&#8220; <i>V\u00e1\u017en\u00e1 hudba<\/i>. <b>Odlo\u017een\u00e9 chleb\u00ed\u010dky<\/b> je pokra\u010dov\u00e1n\u00ed kompilace nevydan\u00fdch \u010di jin\u00fdch na albech se nevyskytuj\u00edc\u00edch skladeb &#8211; <b>Metronom<\/b>, kterou si pro sv\u00e9 fanou\u0161ky p\u0159ipravila kapela v LMB ji\u017e p\u0159ed 3 lety. Podobn\u011b tomu bylo i o rok pozd\u011bji s CD <i>V Barv\u00e1ch Instrumental<\/i>. Oba tyto promo disky vy\u0161ly ve <!--more-->striktn\u011b omezen\u00e9m a vlastn\u00edm n\u00e1kladu, kter\u00fd byl v drtiv\u00e9 v\u011bt\u0161in\u011b rozd\u00e1n n\u00e1v\u0161t\u011bvn\u00edk\u016fm koncertu v LMB.<\/p>\n<p>A Odlo\u017een\u00e9 chleb\u00ed\u010dky na t\u00e9to tradici nic nem\u011bn\u00ed ani napot\u0159et\u00ed. Sv\u016fj chleb\u00ed\u010dek v podob\u011b kompaktn\u00edho disku se skladbami z Katova \u0161upl\u00edku dostane ka\u017ed\u00fd k anebo spolu s origin\u00e1ln\u00edm nosi\u010dem alba V\u00e1\u017en\u00e1 hudba. Tak\u017ee stejn\u011b tak, p\u0159inesete-li si sv\u00e9 CD z domova, jako kdy\u017e si ho po\u0159\u00edd\u00edte teprve na m\u00edst\u011b. Tam bude samoz\u0159ejm\u011b k dost\u00e1n\u00ed i spolu s dal\u0161\u00ed muzikou Prago Union nebo nov\u00fdm merchem.<\/p>\n<p><strong>Tituln\u00ed skladba z Odlo\u017een\u00fdch chleb\u00ed\u010dk\u016f:<\/strong><br \/>\n<iframe loading=\"lazy\" src=\"https:\/\/w.soundcloud.com\/player\/?url=https%3A\/\/api.soundcloud.com\/tracks\/118868137\" height=\"166\" width=\"100%\" frameborder=\"no\" scrolling=\"no\"><\/iframe><\/p>\n<p><strong>Videopozv\u00e1nka do LMB:<\/strong><br \/>\n<iframe loading=\"lazy\" src=\"\/\/www.youtube.com\/embed\/MOEluhrjuyg\" height=\"315\" width=\"560\" allowfullscreen=\"\" frameborder=\"0\"><\/iframe><\/p>\n<p><b>14.11.2013, Lucerna Music Bar, Praha<br \/>\n<\/b><b>V\u00e1\u017en\u00fd BOOMBOX<br \/>\n<\/b><b>PRAGO UNION + Champion Sound &#8211; k\u0159est CD V\u00e1\u017en\u00e1 hudba<br \/>\n<\/b>Support:<b> <\/b>Matheus &amp; Renk, DJs: Kato, Maro, Jeffology &amp; Lil Rowa<\/p>","protected":false},"excerpt":{"rendered":"<p>V\u011bt\u0161ina z v\u00e1s asi v\u00ed, \u017ee vous\u00e1\u010di z Prago Union ned\u011blaj\u00ed do cateringu. Tak, \u017ee by chystali vlastn\u00ed po\u0159ad o va\u0159en\u00ed? Prago v akci? Nikoli. Zat\u00edm. I kdy\u017e k akci se tato zpr\u00e1va v\u00e1\u017ee tak\u00e9. T\u00edm m\u00e1me na mysli V\u00e1\u017en\u00fd Boombox 14. listopadu v Lucerna Music Baru, kde budou Prago k\u0159t\u00edt svou zat\u00edm posledn\u00ed &#8222;studiovku&#8220; [&hellip;]<\/p>\n","protected":false},"author":6,"featured_media":0,"comment_status":"closed","ping_status":"closed","sticky":false,"template":"","format":"standard","meta":{"_acf_changed":false,"footnotes":""},"categories":[404],"tags":[],"class_list":["post-5385","post","type-post","status-publish","format-standard","hentry","category-novinky"],"acf":[],"_links":{"self":[{"href":"https:\/\/musicbar.cz\/cs\/wp-json\/wp\/v2\/posts\/5385","targetHints":{"allow":["GET"]}}],"collection":[{"href":"https:\/\/musicbar.cz\/cs\/wp-json\/wp\/v2\/posts"}],"about":[{"href":"https:\/\/musicbar.cz\/cs\/wp-json\/wp\/v2\/types\/post"}],"author":[{"embeddable":true,"href":"https:\/\/musicbar.cz\/cs\/wp-json\/wp\/v2\/users\/6"}],"replies":[{"embeddable":true,"href":"https:\/\/musicbar.cz\/cs\/wp-json\/wp\/v2\/comments?post=5385"}],"version-history":[{"count":0,"href":"https:\/\/musicbar.cz\/cs\/wp-json\/wp\/v2\/posts\/5385\/revisions"}],"wp:attachment":[{"href":"https:\/\/musicbar.cz\/cs\/wp-json\/wp\/v2\/media?parent=5385"}],"wp:term":[{"taxonomy":"category","embeddable":true,"href":"https:\/\/musicbar.cz\/cs\/wp-json\/wp\/v2\/categories?post=5385"},{"taxonomy":"post_tag","embeddable":true,"href":"https:\/\/musicbar.cz\/cs\/wp-json\/wp\/v2\/tags?post=5385"}],"curies":[{"name":"wp","href":"https:\/\/api.w.org\/{rel}","templated":true}]}}