{"id":5381,"date":"2013-11-06T18:11:33","date_gmt":"2013-11-06T16:11:33","guid":{"rendered":"http:\/\/www.musicbar.cz\/?p=5381"},"modified":"2014-02-10T21:40:30","modified_gmt":"2014-02-10T19:40:30","slug":"svedska-senzace-movits-prijede-v-unoru-do-prahy","status":"publish","type":"post","link":"https:\/\/musicbar.cz\/cs\/novinky\/svedska-senzace-movits-prijede-v-unoru-do-prahy\/","title":{"rendered":"\u0160v\u00e9dsk\u00e1 senzace Movits! p\u0159ijede v \u00fanoru do Prahy"},"content":{"rendered":"<p><a href=\"http:\/\/www.musicbar.cz\/wp-content\/uploads\/2013\/11\/movits_170x170.jpg\"><img loading=\"lazy\" decoding=\"async\" class=\"alignleft size-full wp-image-5382\" alt=\"movits_170x170\" src=\"http:\/\/www.musicbar.cz\/wp-content\/uploads\/2013\/11\/movits_170x170.jpg\" width=\"170\" height=\"170\" srcset=\"https:\/\/storage.googleapis.com\/goout-wordpress-uploads\/musicbarcz\/2013\/11\/movits_170x170.jpg 170w, https:\/\/storage.googleapis.com\/goout-wordpress-uploads\/musicbarcz\/2013\/11\/movits_170x170-300x300.jpg 300w, https:\/\/storage.googleapis.com\/goout-wordpress-uploads\/musicbarcz\/2013\/11\/movits_170x170-900x900.jpg 900w\" sizes=\"auto, (max-width: 170px) 100vw, 170px\" \/><\/a>\u0160v\u00e9dsk\u00e9 trio <strong>Movits!<\/strong> se poprv\u00e9 p\u0159edstavilo \u010desk\u00fdm fanou\u0161k\u016fm letos v l\u00e9t\u011b na festivalech <strong>Colours of Ostrava<\/strong> a <strong>Rock for Churchill<\/strong>, kde jejich nabu\u0161en\u00fd mix hiphopu a neo swingu sklidil bou\u0159liv\u00fd aplaus. Svou pov\u011bst skv\u011bl\u00e9 koncertn\u00ed kapely budou moci Movits! potvrdit <strong>10. \u00fanora<\/strong> v pra\u017esk\u00e9m Lucerna Music Baru, kam p\u0159ivezou novinkov\u00e9 album Huvudet Bland Molnen. P\u0159ij\u010fte se p\u0159esv\u011bd\u010dit, jak je mo\u017en\u00e9, \u017ee \u0161v\u00e9dsk\u00fd rap boduje v USA, Evrop\u011b i v Japonsku.\u00a0Trio Movits! tvo\u0159\u00ed dva brat\u0159i Johan Jivin\u2019 Rensfeldt (zp\u011bv, rap a texty) a Anders Rensfeldt (DJ a producent) plus saxofonista Joakim One-Take Nilsson. <em>\u201eByli jsme v\u017edy na stejn\u00e9 muzik\u00e1ln\u00ed vln\u011b\u201c<\/em>, komentuje rodinnou spolupr\u00e1ci Johan.<!--more--> <em>\u201eSpolupracovat s br\u00e1chou je velmi v\u00fdhodn\u00fd. Kdy\u017e se v\u011bci moc neh\u00fdbou, m\u016f\u017eeme v\u017edycky vyt\u00e1hnout Gallagher-fight, aby m\u011bla m\u00e9dia o \u010dem mluvit\u201c<\/em>, pokra\u010duje s nads\u00e1zkou Johan. Z\u00e1kladem hudby Movits! jsou masivn\u00ed beaty inspirovan\u00e9 hiphopem i swingem, skv\u011bl\u00e1 Johanova flow, chytlav\u00e9 melodie a stylov\u00e9 laufy dechov\u00e9 sekce. <em>\u201eMovits! jsou jako extra d\u00e1vka kofeinu ve va\u0161\u00ed rann\u00ed k\u00e1v\u011b. T\u0159eskut\u00fd bud\u00edk, kter\u00fd probud\u00ed v\u00e1\u0161 nervov\u00fd system\u201d<\/em>, napsal server Consequenceofsound.net o \u0161v\u00e9dsk\u00e9m triu.<br \/>\n<iframe loading=\"lazy\" src=\"\/\/www.youtube.com\/embed\/LnaeImQ0TSg\" height=\"315\" width=\"560\" allowfullscreen=\"\" frameborder=\"0\"><\/iframe><\/p>\n<p>U\u017e po vyd\u00e1n\u00ed debutov\u00e9ho alba \u00c4ppelknyckarjazz v roce 2008 se za\u010daly po\u0159\u00e1dn\u011b h\u00fdbat ledy. Singl \u00c4ppelknyckarjazz bodoval v dom\u00e1c\u00edch hitpar\u00e1d\u00e1ch a zajistil Movits! m\u00edsto na p\u0159edn\u00edch skandin\u00e1vsk\u00fdch festivalech. Dal\u0161\u00ed track Fel Del Av G\u00e5rden pak p\u0159inesl dokonce pozv\u00e1n\u00ed do popul\u00e1rn\u00ed americk\u00e9 talkshow The Colbert Report. <em>\u201eVzhledem k tomu, \u017ee zp\u00edv\u00e1me ve \u0161v\u00e9d\u0161tin\u011b, n\u00e1s nikdy nenapadlo, \u017ee bychom mohli hr\u00e1t mimo Skandin\u00e1vii, nato\u017e ve St\u00e1tech\u201c<\/em>, \u0159\u00edk\u00e1 saxofonista Joakim. \u00da\u010dast v TV show jim zajistila p\u0159edn\u00ed p\u0159\u00ed\u010dky na iTunes i Amazonu v USA a tak\u00e9 koncertn\u00ed turn\u00e9 po Spojen\u00fdch st\u00e1tech, kter\u00e9 bylo ve v\u0161ech v\u011bt\u0161\u00edch m\u011bstech vyprodan\u00e9. V roce 2010 se Movits! rozjeli po Evrop\u011b a vystoupili v Anglii, N\u011bmecku, Rakousku, \u0160v\u00fdcarsku a dal\u0161\u00edch zem\u00edch. Jejich druh\u00e1 deska Ut ur min skalle s hity Sammy Davis Jr. a Na Na Nah! vy\u0161la v roce 2011 a p\u0159inesla kapele t\u00e9m\u011b\u0159 nep\u0159etr\u017eit\u00e9 turn\u00e9 po klubech a festivalech. Novinka s n\u00e1zvem Huvudet Bland Molnen, na kter\u00e9 hostuj\u00ed popul\u00e1rn\u00ed \u0161v\u00e9d\u0161t\u00ed kolegov\u00e9 Zacke a Timbuktu, spat\u0159ila sv\u011btlo sv\u011bta 18. z\u00e1\u0159\u00ed 2013. Necel\u00e9 dva t\u00fddny po vyd\u00e1n\u00ed vyrazili Movits! na turn\u00e9 po Japonsku a N\u011bmecku. \u010cesk\u00e9 publikum se do\u010dk\u00e1 premi\u00e9rov\u00e9 klubov\u00e9 show za t\u0159i m\u011bs\u00edce v Lucerna Music Baru, kam si Movits! odsko\u010d\u00ed z turn\u00e9 po z\u00e1padn\u00ed Evrop\u011b. V r\u00e1mci jarn\u00ed \u0161\u0148\u016fry p\u016fjde o jedin\u00fd koncert kapely ve st\u0159edn\u00ed Evrop\u011b.<\/p>\n<p><iframe loading=\"lazy\" src=\"\/\/www.youtube.com\/embed\/C8fIVTH0TiM\" height=\"315\" width=\"420\" allowfullscreen=\"\" frameborder=\"0\"><\/iframe><\/p>\n<p>Vstupenky v p\u0159edprodeji po\u0159\u00edd\u00edte nejlevn\u011bji bez poplatku na pokladn\u011b Lucerna Music Baru za 450 K\u010d. D\u00e1le pohodln\u011b p\u0159\u00edmo na webu Lucerna Music Baru a v p\u0159edprodejn\u00edch s\u00edt\u00edch Ticketpro, Ticketportal, Eventim a Ticketstream nav\u00fd\u0161en\u00e9 o poplatek prodejce. Cena na m\u00edst\u011b 550 K\u010d.<\/p>","protected":false},"excerpt":{"rendered":"<p>\u0160v\u00e9dsk\u00e9 trio Movits! se poprv\u00e9 p\u0159edstavilo \u010desk\u00fdm fanou\u0161k\u016fm letos v l\u00e9t\u011b na festivalech Colours of Ostrava a Rock for Churchill, kde jejich nabu\u0161en\u00fd mix hiphopu a neo swingu sklidil bou\u0159liv\u00fd aplaus. Svou pov\u011bst skv\u011bl\u00e9 koncertn\u00ed kapely budou moci Movits! potvrdit 10. \u00fanora v pra\u017esk\u00e9m Lucerna Music Baru, kam p\u0159ivezou novinkov\u00e9 album Huvudet Bland Molnen. P\u0159ij\u010fte [&hellip;]<\/p>\n","protected":false},"author":6,"featured_media":0,"comment_status":"closed","ping_status":"closed","sticky":false,"template":"","format":"standard","meta":{"_acf_changed":false,"footnotes":""},"categories":[404],"tags":[],"class_list":["post-5381","post","type-post","status-publish","format-standard","hentry","category-novinky"],"acf":[],"_links":{"self":[{"href":"https:\/\/musicbar.cz\/cs\/wp-json\/wp\/v2\/posts\/5381","targetHints":{"allow":["GET"]}}],"collection":[{"href":"https:\/\/musicbar.cz\/cs\/wp-json\/wp\/v2\/posts"}],"about":[{"href":"https:\/\/musicbar.cz\/cs\/wp-json\/wp\/v2\/types\/post"}],"author":[{"embeddable":true,"href":"https:\/\/musicbar.cz\/cs\/wp-json\/wp\/v2\/users\/6"}],"replies":[{"embeddable":true,"href":"https:\/\/musicbar.cz\/cs\/wp-json\/wp\/v2\/comments?post=5381"}],"version-history":[{"count":0,"href":"https:\/\/musicbar.cz\/cs\/wp-json\/wp\/v2\/posts\/5381\/revisions"}],"wp:attachment":[{"href":"https:\/\/musicbar.cz\/cs\/wp-json\/wp\/v2\/media?parent=5381"}],"wp:term":[{"taxonomy":"category","embeddable":true,"href":"https:\/\/musicbar.cz\/cs\/wp-json\/wp\/v2\/categories?post=5381"},{"taxonomy":"post_tag","embeddable":true,"href":"https:\/\/musicbar.cz\/cs\/wp-json\/wp\/v2\/tags?post=5381"}],"curies":[{"name":"wp","href":"https:\/\/api.w.org\/{rel}","templated":true}]}}