{"id":5170,"date":"2013-10-08T12:55:45","date_gmt":"2013-10-08T12:55:45","guid":{"rendered":"http:\/\/www.musicbar.cz\/?p=5170"},"modified":"2013-10-08T14:22:33","modified_gmt":"2013-10-08T14:22:33","slug":"richard-bona-uz-dnes-s-novym-albem","status":"publish","type":"post","link":"https:\/\/musicbar.cz\/cs\/novinky\/richard-bona-uz-dnes-s-novym-albem\/","title":{"rendered":"Richard Bona u\u017e dnes s nov\u00fdm albem!"},"content":{"rendered":"<p><a href=\"http:\/\/www.musicbar.cz\/wp-content\/uploads\/2013\/10\/richard_bona_170x170.jpg\"><img loading=\"lazy\" decoding=\"async\" class=\"alignleft size-full wp-image-5171\" alt=\"richard_bona_170x170\" src=\"http:\/\/www.musicbar.cz\/wp-content\/uploads\/2013\/10\/richard_bona_170x170.jpg\" width=\"170\" height=\"170\" srcset=\"https:\/\/storage.googleapis.com\/goout-wordpress-uploads\/musicbarcz\/2013\/10\/richard_bona_170x170.jpg 170w, https:\/\/storage.googleapis.com\/goout-wordpress-uploads\/musicbarcz\/2013\/10\/richard_bona_170x170-300x300.jpg 300w, https:\/\/storage.googleapis.com\/goout-wordpress-uploads\/musicbarcz\/2013\/10\/richard_bona_170x170-900x900.jpg 900w\" sizes=\"auto, (max-width: 170px) 100vw, 170px\" \/><\/a>Fenomen\u00e1ln\u00ed baskytarista, zp\u011bv\u00e1k a skladatel <strong>Richard Bona<\/strong> u\u017e dnes ve\u010der p\u0159edstav\u00ed pra\u017esk\u00e9mu publiku sv\u00e9 nov\u00e9 album Bonafied. Se sv\u00fdm kvartetem vystoup\u00ed v pra\u017esk\u00e9m Lucerna Music Baru v r\u00e1mci AghaRTA Prague Jazz Festivalu, kter\u00fd mimochodem letos znovu p\u0159edstav\u00ed mimo jin\u00e9 tak\u00e9 legend\u00e1rn\u00edho Maceo Parkera. Zp\u011bt ale k Richardovi Bonovi, kter\u00fd je \u010dasto p\u0159ezd\u00edv\u00e1n jako \u201eAfrick\u00fd Sting\u201c, hraje mj. s kapelou Pata Methenyho a spolupracoval s n\u00edm i jeho nem\u00e9n\u011b kreativn\u00ed kolega Bobby McFerrin.\u00a0Richard Bona se narodil v africk\u00e9m Kamerunu v rodin\u011b hudebn\u00edk\u016f. Maminka byla zp\u011bva\u010dka a otec vedle zp\u011bvu hr\u00e1l tak\u00e9 na perkuse. Jejich syn se u\u017e ve \u010dty\u0159ech letech za\u010dal u\u010dit hr\u00e1t na balafon<!--more--> a ji\u017e o rok pozd\u011bji hr\u00e1l v m\u00edstn\u00edm kostele. Proto\u017ee jeho rodina byla chud\u00e1, vyr\u00e1b\u011bli si v\u011bt\u0161inu hudebn\u00edch n\u00e1stroj\u016f sami a to v\u010detn\u011b fl\u00e9tny a kytary, kter\u00e1 m\u011bla struny nata\u017een\u00e9 p\u0159es n\u00e1dr\u017e ze star\u00e9ho motocyklu. Richard se na n\u00ed za\u010dal hr\u00e1t ve sv\u00fdch jeden\u00e1cti.Pov\u011bst o jeho vyj\u00edme\u010dn\u00e9m talentu se rychle rozk\u0159ikla, a tak byl brzy zv\u00e1n na nejr\u016fzn\u011bj\u0161\u00ed m\u00edstn\u00ed slavnosti a festivaly. Vedle africk\u00e9 hudby se z\u00e1hy dostal k jazzu, kter\u00fd jej natolik fascinoval, \u017ee si hned s p\u0159\u00e1teli zalo\u017eil v roce 1980 vlastn\u00ed jazzovou kapelu, s kterou pozd\u011bji vystupoval v jednom francouzsk\u00e9m klubu ve m\u011bst\u011b Douala. Majitel toho m\u00edsta se s n\u00edm sp\u0159\u00e1telil a pomohl mu objevit dal\u0161\u00ed jazzov\u00e9 muzikanty, zvl\u00e1\u0161t\u011b pak fenomen\u00e1ln\u00edho baskytaristu Jacka Pastoria, kter\u00fd obr\u00e1til Richardovu pozornost pr\u00e1v\u011b k baskyta\u0159e.\u00a0Ve dvaadvaceti se pak Bona rozhodl pro dal\u0161\u00ed hudebn\u00ed studium p\u0159\u00edmo v Evrop\u011b a tak odlet\u011bl do Pa\u0159\u00ed\u017ee, kde brzy za\u010dal vystupovat v m\u00edstn\u00edch jazzov\u00fdch klubech a potk\u00e1vat se na podiu i mimo n\u011bj s legendami, jako jsou Manu Dibango, Salif Keita, Jacques Higelin nebo Didier Lockwood. V roce 1995 se pak p\u0159est\u011bhoval do New Yorku, kde u\u010d\u00ed na tamn\u00ed hudebn\u00ed univerzit\u011b, hraje v kapele s Patem Methenym a spolupracuje s mnoha dal\u0161\u00edmi jazzmany, jako jsou Mike Stern, Larry Coryell, Michael a Randy Breckerovi nebo Steve Gadd.\u00a0A pr\u00e1v\u011b Pat Metheny byl ten, kdo Bonu poprv\u00e9 p\u0159edstavil v Praze v roce 2002 ve velk\u00e9m sale pra\u017esk\u00e9 Lucerny. Ka\u017ed\u00e9mu tehdy bylo okam\u017eit\u011b z\u0159ejm\u00e9, \u017ee si tohoto \u00fa\u017easn\u00e9ho a charismatick\u00e9ho hudebn\u00edka nevybral n\u00e1hodou. Richard Bona se stal jedn\u00edm z objev\u016f AghaRTA Prague Jazz festivalu a od t\u00e9 doby je jeho pravideln\u00fdm hostem. Naposledy tu byl v v roce 2009 v divadle Hybernia, te\u010f se na vlastn\u00ed p\u0159\u00e1n\u00ed vrac\u00ed do \u00fatuln\u00e9ho prost\u0159ed\u00ed Lucerna Music Baru, aby tu dnes ve\u010der p\u0159edstavil nov\u00fd projekt a nov\u00e9 album Bonafied. Kdo doraz\u00ed, ur\u010dit\u011b nebude litovat.<\/p>","protected":false},"excerpt":{"rendered":"<p>Fenomen\u00e1ln\u00ed baskytarista, zp\u011bv\u00e1k a skladatel Richard Bona u\u017e dnes ve\u010der p\u0159edstav\u00ed pra\u017esk\u00e9mu publiku sv\u00e9 nov\u00e9 album Bonafied. Se sv\u00fdm kvartetem vystoup\u00ed v pra\u017esk\u00e9m Lucerna Music Baru v r\u00e1mci AghaRTA Prague Jazz Festivalu, kter\u00fd mimochodem letos znovu p\u0159edstav\u00ed mimo jin\u00e9 tak\u00e9 legend\u00e1rn\u00edho Maceo Parkera. Zp\u011bt ale k Richardovi Bonovi, kter\u00fd je \u010dasto p\u0159ezd\u00edv\u00e1n jako \u201eAfrick\u00fd Sting\u201c, [&hellip;]<\/p>\n","protected":false},"author":6,"featured_media":0,"comment_status":"closed","ping_status":"closed","sticky":false,"template":"","format":"standard","meta":{"_acf_changed":false,"footnotes":""},"categories":[404],"tags":[],"class_list":["post-5170","post","type-post","status-publish","format-standard","hentry","category-novinky"],"acf":[],"_links":{"self":[{"href":"https:\/\/musicbar.cz\/cs\/wp-json\/wp\/v2\/posts\/5170","targetHints":{"allow":["GET"]}}],"collection":[{"href":"https:\/\/musicbar.cz\/cs\/wp-json\/wp\/v2\/posts"}],"about":[{"href":"https:\/\/musicbar.cz\/cs\/wp-json\/wp\/v2\/types\/post"}],"author":[{"embeddable":true,"href":"https:\/\/musicbar.cz\/cs\/wp-json\/wp\/v2\/users\/6"}],"replies":[{"embeddable":true,"href":"https:\/\/musicbar.cz\/cs\/wp-json\/wp\/v2\/comments?post=5170"}],"version-history":[{"count":0,"href":"https:\/\/musicbar.cz\/cs\/wp-json\/wp\/v2\/posts\/5170\/revisions"}],"wp:attachment":[{"href":"https:\/\/musicbar.cz\/cs\/wp-json\/wp\/v2\/media?parent=5170"}],"wp:term":[{"taxonomy":"category","embeddable":true,"href":"https:\/\/musicbar.cz\/cs\/wp-json\/wp\/v2\/categories?post=5170"},{"taxonomy":"post_tag","embeddable":true,"href":"https:\/\/musicbar.cz\/cs\/wp-json\/wp\/v2\/tags?post=5170"}],"curies":[{"name":"wp","href":"https:\/\/api.w.org\/{rel}","templated":true}]}}