{"id":4973,"date":"2013-08-28T16:07:18","date_gmt":"2013-08-28T16:07:18","guid":{"rendered":"http:\/\/www.musicbar.cz\/?p=4973"},"modified":"2014-08-23T13:19:04","modified_gmt":"2014-08-23T11:19:04","slug":"mnaga-a-zdorp-u-nas-pokrti-live-dvd","status":"publish","type":"post","link":"https:\/\/musicbar.cz\/cs\/novinky\/mnaga-a-zdorp-u-nas-pokrti-live-dvd\/","title":{"rendered":"M\u0148\u00e1ga a \u017d\u010forp u n\u00e1s pok\u0159t\u00ed live DVD"},"content":{"rendered":"<p>Na 9. z\u00e1\u0159\u00ed p\u0159ipravila kapela <strong>M\u0148\u00e1ga a \u017d\u010forp<\/strong> sv\u00fdm p\u0159\u00edznivc\u016fm dal\u0161\u00ed, v po\u0159ad\u00ed ji\u017e t\u0159et\u00ed, d\u00e1re\u010dek a to v podob\u011b \u017eiv\u00e9ho DVD s n\u00e1zvem D\u00e1re\u010dek Live!. DVD zachycuje vyprodan\u00fd koncert s neopakovatelnou atmosf\u00e9rou z pra\u017esk\u00e9 Lucerny (21. 11. 2012), kter\u00fd byl uspo\u0159\u00e1d\u00e1n jako v\u00fdro\u010dn\u00ed koncert k 25ti let\u016fm existence skupiny. Na p\u00f3diu tohoto legend\u00e1rn\u00edho s\u00e1lu se b\u011bhem koncertu vyst\u0159\u00eddala \u0159ada host\u016f ze sp\u0159\u00e1telen\u00fdch kapel, mimo jin\u00e9, Kry\u0161tof, Tata Bojs, Monkey Business, Sto zv\u00ed\u0159at, \u010cechomor, Vypsan\u00e1 fiXa a tak\u00e9 skoro v\u0161ichni b\u00fdval\u00ed \u010dlenov\u00e9, kte\u0159\u00ed v kapele hr\u00e1li. <em>\u201eKdyby n\u00e1m v dubnu 1987, kdy jsme M\u0148\u00e1gu zakl\u00e1dali, n\u011bkdo \u0159ekl, \u017ee se o \u010dtvrt stolet\u00ed pozd\u011bji sejdeme v\u0161ichni na p\u00f3diu vyprodan\u00e9 pra\u017esk\u00e9<!--more--> Lucerny, asi bychom pon\u011bkud zapochybovali o zdrav\u00e9m rozumu nositele tohoto n\u00e1zoru. Pro m\u011b osobn\u011b tohle setk\u00e1n\u00ed s kamar\u00e1dy po letech bylo stejn\u011b skv\u011bl\u00e9, jako zahr\u00e1t si a zazp\u00edvat si s tak \u00fa\u017easn\u00fdmi a talentovan\u00fdmi hudebn\u00edky, jako jsou Richard Kraj\u010do, Franta \u010cern\u00fd, Milan Cais, Mat\u011bj Ruppert, Kato, Michal Hr\u016fza a dal\u0161\u00ed,\u201c<\/em> \u0159\u00edk\u00e1 frontman kapely Petr Fiala a dod\u00e1v\u00e1: <em>\u201eKoncert se mimo\u0159\u00e1dn\u011b povedl a v\u0161ichni jsme si ho u\u017eili jako p\u0159\u00edjemn\u00e9 a radostn\u00e9 setk\u00e1n\u00ed. V\u017edy\u0165 M\u0148\u00e1ga kdysi vznikla z party k\u00e1mo\u0161\u016f na vala\u0161skomezi\u0159\u00ed\u010dsk\u00e9m gymplu a v\u0161e, co se cestou p\u0159ihodilo, jsme p\u0159ij\u00edmali jako ne\u010dekan\u00fd a p\u0159\u00edjemn\u00fd Dar u\u017e\u00edv\u00e1n\u00ed si \u017eivota s Hudbou! V\u010detn\u011b v\u0161ech t\u011b\u017ekost\u00ed, pr\u016fser\u016f, trm\u00e1cen\u00ed a omyl\u016f, kter\u00e9 k tomu v\u0161emu samoz\u0159ejm\u011b pat\u0159\u00ed. Proto jsem r\u00e1d, \u017ee tento pr\u016f\u0159ez a ohl\u00e9dnut\u00ed za histori\u00ed na\u0161\u00ed kapely, nav\u00edc s pomoc\u00ed tolika p\u0159\u00e1tel, m\u016f\u017eeme nab\u00eddnout v\u0161em na\u0161im fanou\u0161k\u016fm, kte\u0159\u00ed to s n\u00e1mi t\u011bch 25 let vydr\u017eeli a douf\u00e1me, \u017ee i d\u00e1le vydr\u017e\u00ed.\u201c <\/em><br \/>\nDVD obsahuje kompletn\u00ed z\u00e1znam koncertu, tedy necelou t\u0159ic\u00edtku p\u00edsn\u00ed, jak v pod\u00e1n\u00ed kapely, tak jejich host\u016f. DVD bylo nato\u010deno na deset kamer a bylo vyu\u017eito 48 hudebn\u00edch stop. Krom\u011b toho, co se d\u011bje b\u011bhem koncertu na p\u00f3diu, obsahuje z\u00e1znam i zaj\u00edmav\u00e9 z\u00e1b\u011bry ze z\u00e1kulis\u00ed, kter\u00e9 se odehr\u00e1vaj\u00ed mezi p\u00edsn\u011bmi i b\u011bhem nich. Vych\u00e1z\u00ed 9. z\u00e1\u0159\u00ed na zna\u010dce Surikata records, v distribuci EMI a ofici\u00e1ln\u00ed k\u0159est prob\u011bhne <strong>11. z\u00e1\u0159\u00ed b\u011bhem koncertu v pra\u017esk\u00e9m Lucerna Music Baru.<\/strong> Kapela slibuje zaj\u00edmav\u00e9 hosty, kte\u0159\u00ed jsou zat\u00edm jako p\u0159ekvapen\u00ed.<\/p>","protected":false},"excerpt":{"rendered":"<p>Na 9. z\u00e1\u0159\u00ed p\u0159ipravila kapela M\u0148\u00e1ga a \u017d\u010forp sv\u00fdm p\u0159\u00edznivc\u016fm dal\u0161\u00ed, v po\u0159ad\u00ed ji\u017e t\u0159et\u00ed, d\u00e1re\u010dek a to v podob\u011b \u017eiv\u00e9ho DVD s n\u00e1zvem D\u00e1re\u010dek Live!. DVD zachycuje vyprodan\u00fd koncert s neopakovatelnou atmosf\u00e9rou z pra\u017esk\u00e9 Lucerny (21. 11. 2012), kter\u00fd byl uspo\u0159\u00e1d\u00e1n jako v\u00fdro\u010dn\u00ed koncert k 25ti let\u016fm existence skupiny. Na p\u00f3diu tohoto legend\u00e1rn\u00edho s\u00e1lu [&hellip;]<\/p>\n","protected":false},"author":6,"featured_media":0,"comment_status":"closed","ping_status":"closed","sticky":false,"template":"","format":"standard","meta":{"_acf_changed":false,"footnotes":""},"categories":[404],"tags":[],"class_list":["post-4973","post","type-post","status-publish","format-standard","hentry","category-novinky"],"acf":[],"_links":{"self":[{"href":"https:\/\/musicbar.cz\/cs\/wp-json\/wp\/v2\/posts\/4973","targetHints":{"allow":["GET"]}}],"collection":[{"href":"https:\/\/musicbar.cz\/cs\/wp-json\/wp\/v2\/posts"}],"about":[{"href":"https:\/\/musicbar.cz\/cs\/wp-json\/wp\/v2\/types\/post"}],"author":[{"embeddable":true,"href":"https:\/\/musicbar.cz\/cs\/wp-json\/wp\/v2\/users\/6"}],"replies":[{"embeddable":true,"href":"https:\/\/musicbar.cz\/cs\/wp-json\/wp\/v2\/comments?post=4973"}],"version-history":[{"count":1,"href":"https:\/\/musicbar.cz\/cs\/wp-json\/wp\/v2\/posts\/4973\/revisions"}],"predecessor-version":[{"id":12783,"href":"https:\/\/musicbar.cz\/cs\/wp-json\/wp\/v2\/posts\/4973\/revisions\/12783"}],"wp:attachment":[{"href":"https:\/\/musicbar.cz\/cs\/wp-json\/wp\/v2\/media?parent=4973"}],"wp:term":[{"taxonomy":"category","embeddable":true,"href":"https:\/\/musicbar.cz\/cs\/wp-json\/wp\/v2\/categories?post=4973"},{"taxonomy":"post_tag","embeddable":true,"href":"https:\/\/musicbar.cz\/cs\/wp-json\/wp\/v2\/tags?post=4973"}],"curies":[{"name":"wp","href":"https:\/\/api.w.org\/{rel}","templated":true}]}}