{"id":4942,"date":"2013-08-19T14:06:27","date_gmt":"2013-08-19T14:06:27","guid":{"rendered":"http:\/\/www.musicbar.cz\/?post_type=program&#038;p=4942"},"modified":"2013-10-02T14:37:44","modified_gmt":"2013-10-02T14:37:44","slug":"sto-zvirat-the-upsessions-nl","status":"publish","type":"post","link":"https:\/\/musicbar.cz\/cs\/program\/sto-zvirat-the-upsessions-nl\/","title":{"rendered":"STO ZV\u00cd\u0158AT + THE UPSESSIONS \/ NL"},"content":{"rendered":"<p>Na podzim tohoto roku chyst\u00e1 kapela STO ZV\u00cd\u0158AT s\u00e9rii t\u0159\u00ed spole\u010dn\u00fdch koncert\u016f s vynikaj\u00edc\u00ed holandskou kapelou THE UPSESSIONS. My m\u00e1me to \u0161t\u011bst\u00ed, \u017ee tuhle dvojn\u00e1sobnou porci ska, reggae, rocksteady, ale i swingu naserv\u00edruj\u00ed STO ZV\u00cd\u0158AT A THE UPSESSIONS tak\u00e9 u n\u00e1s, kde bude po\u0159\u00edzen z\u00e1znam \u010ceskou televiz\u00ed do po\u0159adu LIVE. Zdaleka se nejedn\u00e1 o n\u00e1hodn\u00e9 setk\u00e1n\u00ed, s touto sestavou u\u017e Zv\u00ed\u0159ata m\u011bla tu \u010dest na podzim roku 2010 p\u0159i oslav\u011b sv\u00fdch 20. narozenin, kdy tahle holandsk\u00e1 prvot\u0159\u00eddn\u00ed rocksteady parti\u010dka p\u0159edskakovala Zv\u00ed\u0159at\u016fm ve vyprodan\u00e9 pra\u017esk\u00e9 Incheba Ar\u00e9n\u011b. Holandsk\u00e1 \u00faderka v zelen\u00fdch tepl\u00e1kov\u00fdch souprav\u00e1ch tehdy zv\u00ed\u0159ec\u00ed publikum rozhodn\u011b nezklamala. A jeliko\u017e na postu baskytaristy ve Zv\u00ed\u0159atech u\u017e 10 let z\u00e1\u0159\u00ed holan\u010fan Wilco Versteeg, jedn\u00e1 se o spojen\u00ed v\u00edce ne\u017e logick\u00e9. Nenechte si tuhle v\u00fdjime\u010dnou \u0159\u00edjnovou \u010desko-holandskou oslavu vesel\u00e9 a sko\u010dn\u00e9 muziky rozhodn\u011b uj\u00edt !<\/p>","protected":false},"excerpt":{"rendered":"<p>Na podzim tohoto roku chyst\u00e1 kapela STO ZV\u00cd\u0158AT s\u00e9rii t\u0159\u00ed spole\u010dn\u00fdch koncert\u016f s vynikaj\u00edc\u00ed holandskou kapelou THE UPSESSIONS. My m\u00e1me to \u0161t\u011bst\u00ed, \u017ee tuhle dvojn\u00e1sobnou porci ska, reggae, rocksteady, ale i swingu naserv\u00edruj\u00ed STO ZV\u00cd\u0158AT A THE UPSESSIONS tak\u00e9 u n\u00e1s, kde bude po\u0159\u00edzen z\u00e1znam \u010ceskou televiz\u00ed do po\u0159adu LIVE. Zdaleka se nejedn\u00e1 o n\u00e1hodn\u00e9 [&hellip;]<\/p>\n","protected":false},"author":6,"featured_media":0,"comment_status":"closed","ping_status":"closed","sticky":false,"template":"","format":"standard","meta":{"_acf_changed":false,"footnotes":""},"categories":[405],"tags":[],"class_list":["post-4942","post","type-post","status-publish","format-standard","hentry","category-program"],"acf":[],"_links":{"self":[{"href":"https:\/\/musicbar.cz\/cs\/wp-json\/wp\/v2\/posts\/4942","targetHints":{"allow":["GET"]}}],"collection":[{"href":"https:\/\/musicbar.cz\/cs\/wp-json\/wp\/v2\/posts"}],"about":[{"href":"https:\/\/musicbar.cz\/cs\/wp-json\/wp\/v2\/types\/post"}],"author":[{"embeddable":true,"href":"https:\/\/musicbar.cz\/cs\/wp-json\/wp\/v2\/users\/6"}],"replies":[{"embeddable":true,"href":"https:\/\/musicbar.cz\/cs\/wp-json\/wp\/v2\/comments?post=4942"}],"version-history":[{"count":0,"href":"https:\/\/musicbar.cz\/cs\/wp-json\/wp\/v2\/posts\/4942\/revisions"}],"wp:attachment":[{"href":"https:\/\/musicbar.cz\/cs\/wp-json\/wp\/v2\/media?parent=4942"}],"wp:term":[{"taxonomy":"category","embeddable":true,"href":"https:\/\/musicbar.cz\/cs\/wp-json\/wp\/v2\/categories?post=4942"},{"taxonomy":"post_tag","embeddable":true,"href":"https:\/\/musicbar.cz\/cs\/wp-json\/wp\/v2\/tags?post=4942"}],"curies":[{"name":"wp","href":"https:\/\/api.w.org\/{rel}","templated":true}]}}