{"id":4882,"date":"2013-07-31T14:08:20","date_gmt":"2013-07-31T14:08:20","guid":{"rendered":"http:\/\/www.musicbar.cz\/?p=4882"},"modified":"2014-08-23T13:29:02","modified_gmt":"2014-08-23T11:29:02","slug":"britsky-projekt-no-ceremony-prijede-v-zari-do-lmb","status":"publish","type":"post","link":"https:\/\/musicbar.cz\/cs\/novinky\/britsky-projekt-no-ceremony-prijede-v-zari-do-lmb\/","title":{"rendered":"Britsk\u00fd projekt No Ceremony \/\/\/ p\u0159ijede v z\u00e1\u0159\u00ed do LMB"},"content":{"rendered":"<p>Je\u0161t\u011b ne\u017e vznikla samotn\u00e1 kapela <strong>No Ceremony\/\/\/<\/strong>, byli v\u0161ichni t\u0159i jej\u00ed \u010dlenov\u00e9 aktivn\u00ed v nejr\u016fzn\u011bj\u0161\u00edch projektech, kter\u00e9 se ale ne a ne odrazit ode dna. Prost\u0159ednictv\u00edm sv\u00fdch p\u0159\u00e1tel se za\u010dali potk\u00e1vat ve stejn\u00fdch klubech a na stejn\u00fdch koncertech a zji\u0161\u0165ovali, \u017ee je bav\u00ed naprosto stejn\u00e1 hudba. Nebyla asi jin\u00e1 cesta, ne\u017e zalo\u017eit si vlastn\u00ed trio. Krom\u011b hudby maj\u00ed v\u0161ak stejn\u00e9 v\u00e1\u0161n\u011b i pro vizu\u00e1ln\u00ed str\u00e1nku sv\u00e9 tvorby a videoklipy, plak\u00e1ty nebo artwork alba si d\u011blaj\u00ed sami. Jejich debutov\u00e9 album vyjde 2. z\u00e1\u0159\u00ed, n\u011bkolik skladeb ji\u017e v\u0161ak najdete na jejich <a href=\"http:\/\/www.youtube.com\/user\/N0CEREMONY\" target=\"_blank\">YouTube kan\u00e1lu<\/a>. No Ceremony\/\/\/ v r\u00e1mci sv\u00e9ho premi\u00e9rov\u00e9ho evropsk\u00e9ho turn\u00e9 za\u0159adili do kalend\u00e1\u0159e i Prahu. 30. z\u00e1\u0159\u00ed doraz\u00ed do Prahy, kde od 20:00 <!--more--> zahraj\u00ed v Lucerna Music Baru. <\/p>\n<p>Vstupenky za 200,- K\u010d + poplatky jsou k zakoupen\u00ed v s\u00edt\u00edch Evetnim, Ticketpro, Ticketportal, Tickestream a na webu Lucerna Music Baru. V pokladn\u011b LMB bez poplatku. V den koncertu na m\u00edst\u011b pak za 250,- K\u010d.<br \/>\n<!--more--><\/p>","protected":false},"excerpt":{"rendered":"<p>Je\u0161t\u011b ne\u017e vznikla samotn\u00e1 kapela No Ceremony\/\/\/, byli v\u0161ichni t\u0159i jej\u00ed \u010dlenov\u00e9 aktivn\u00ed v nejr\u016fzn\u011bj\u0161\u00edch projektech, kter\u00e9 se ale ne a ne odrazit ode dna. Prost\u0159ednictv\u00edm sv\u00fdch p\u0159\u00e1tel se za\u010dali potk\u00e1vat ve stejn\u00fdch klubech a na stejn\u00fdch koncertech a zji\u0161\u0165ovali, \u017ee je bav\u00ed naprosto stejn\u00e1 hudba. Nebyla asi jin\u00e1 cesta, ne\u017e zalo\u017eit si vlastn\u00ed trio. [&hellip;]<\/p>\n","protected":false},"author":6,"featured_media":0,"comment_status":"closed","ping_status":"closed","sticky":false,"template":"","format":"standard","meta":{"_acf_changed":false,"footnotes":""},"categories":[404],"tags":[],"class_list":["post-4882","post","type-post","status-publish","format-standard","hentry","category-novinky"],"acf":[],"_links":{"self":[{"href":"https:\/\/musicbar.cz\/cs\/wp-json\/wp\/v2\/posts\/4882","targetHints":{"allow":["GET"]}}],"collection":[{"href":"https:\/\/musicbar.cz\/cs\/wp-json\/wp\/v2\/posts"}],"about":[{"href":"https:\/\/musicbar.cz\/cs\/wp-json\/wp\/v2\/types\/post"}],"author":[{"embeddable":true,"href":"https:\/\/musicbar.cz\/cs\/wp-json\/wp\/v2\/users\/6"}],"replies":[{"embeddable":true,"href":"https:\/\/musicbar.cz\/cs\/wp-json\/wp\/v2\/comments?post=4882"}],"version-history":[{"count":1,"href":"https:\/\/musicbar.cz\/cs\/wp-json\/wp\/v2\/posts\/4882\/revisions"}],"predecessor-version":[{"id":12792,"href":"https:\/\/musicbar.cz\/cs\/wp-json\/wp\/v2\/posts\/4882\/revisions\/12792"}],"wp:attachment":[{"href":"https:\/\/musicbar.cz\/cs\/wp-json\/wp\/v2\/media?parent=4882"}],"wp:term":[{"taxonomy":"category","embeddable":true,"href":"https:\/\/musicbar.cz\/cs\/wp-json\/wp\/v2\/categories?post=4882"},{"taxonomy":"post_tag","embeddable":true,"href":"https:\/\/musicbar.cz\/cs\/wp-json\/wp\/v2\/tags?post=4882"}],"curies":[{"name":"wp","href":"https:\/\/api.w.org\/{rel}","templated":true}]}}