{"id":4625,"date":"2013-05-29T09:49:46","date_gmt":"2013-05-29T09:49:46","guid":{"rendered":"http:\/\/www.musicbar.cz\/?p=4625"},"modified":"2013-05-29T16:59:05","modified_gmt":"2013-05-29T16:59:05","slug":"chris-dave-and-the-drumhedz-zel-v-cervnu-neprijede","status":"publish","type":"post","link":"https:\/\/musicbar.cz\/cs\/novinky\/chris-dave-and-the-drumhedz-zel-v-cervnu-neprijede\/","title":{"rendered":"Chris Dave &#038; The Drumhedz \u017eel v \u010dervnu nep\u0159ijede"},"content":{"rendered":"<p><strong><a href=\"http:\/\/www.musicbar.cz\/wp-content\/uploads\/2013\/05\/chris_dave_170x170.jpg\"><img loading=\"lazy\" decoding=\"async\" class=\"alignleft size-full wp-image-4626\" title=\"chris_dave_170x170\" src=\"http:\/\/www.musicbar.cz\/wp-content\/uploads\/2013\/05\/chris_dave_170x170.jpg\" alt=\"\" width=\"170\" height=\"170\" srcset=\"https:\/\/storage.googleapis.com\/goout-wordpress-uploads\/musicbarcz\/2013\/05\/chris_dave_170x170.jpg 170w, https:\/\/storage.googleapis.com\/goout-wordpress-uploads\/musicbarcz\/2013\/05\/chris_dave_170x170-300x300.jpg 300w, https:\/\/storage.googleapis.com\/goout-wordpress-uploads\/musicbarcz\/2013\/05\/chris_dave_170x170-900x900.jpg 900w\" sizes=\"auto, (max-width: 170px) 100vw, 170px\" \/><\/a><\/strong>Je to jen p\u00e1r dn\u016f, co jsme nad\u0161en\u011b zve\u0159ej\u0148ovali informaci o koncertu jednoho z nejzaj\u00edmav\u011bj\u0161\u00edch buben\u00edk\u016f sou\u010dasnosti. Dnes r\u00e1no ale p\u0159i\u0161la n\u00e1sleduj\u00edc\u00ed zpr\u00e1va o zru\u0161en\u00ed koncertu. Velmi n\u00e1s to mrz\u00ed, ale koncert \u017eel v \u010dervnu nebude a l\u00edstky m\u016f\u017eete vr\u00e1tit v m\u00edst\u011b zakoupen\u00ed. &#8222;V\u00e1\u017een\u00ed p\u0159\u00e1tel\u00e9, a\u010dkoli m\u00e1me podepsanou smlouvu s booking agentem a koncert Chrise Davea byl ji\u017e uveden i na jeho webu, dostali jsme pr\u00e1v\u011b tento mail. Na vin\u011b jsou tedy po\u0159adatel\u00e9 koncertu v Moskv\u011b 14.6., kte\u0159\u00ed nab\u00eddku zru\u0161ili. Omlouv\u00e1me se za jejich chybu. O nov\u00e9m term\u00ednu koncertu v\u00e1s budeme informovat. D\u011bkujeme za pochopen\u00ed.&#8220; Michal Hejna, AghaRTA Prague Jazz Festival.<!--more--> N\u00e1sleduje zpr\u00e1v\u00e1 od managementu kapely: &#8222;P\u00ed\u0161i V\u00e1m za management Chrise Davea. Velmi se t\u00edmto omlouv\u00e1me, ale vypad\u00e1 to, \u017ee se stala chyba v bookingu agentury AMI. N\u00e1vazn\u00fd koncert 14. \u010dervna, kter\u00fd umo\u017e\u0148oval, aby kapela p\u0159ilet\u011bla i do Prahy, byl \u017eel odvol\u00e1n. D\u00edky tomu nem\u016f\u017eeme dov\u00e9zt Chrise a jeho kapelu ani do Prahy v p\u0159edem sjednan\u00e9m term\u00ednu. P\u0159edem d\u011bkujeme za Va\u0161e pochopen\u00ed a douf\u00e1me, \u017ee brzy najdeme n\u00e1hradn\u00ed datum.&#8220; Lydia Michael, JAE.B Group<\/p>\n<p><iframe loading=\"lazy\" src=\"http:\/\/www.youtube.com\/embed\/cPq72cz7EQo\" frameborder=\"0\" width=\"560\" height=\"315\"><\/iframe><\/p>","protected":false},"excerpt":{"rendered":"<p>Je to jen p\u00e1r dn\u016f, co jsme nad\u0161en\u011b zve\u0159ej\u0148ovali informaci o koncertu jednoho z nejzaj\u00edmav\u011bj\u0161\u00edch buben\u00edk\u016f sou\u010dasnosti. Dnes r\u00e1no ale p\u0159i\u0161la n\u00e1sleduj\u00edc\u00ed zpr\u00e1va o zru\u0161en\u00ed koncertu. Velmi n\u00e1s to mrz\u00ed, ale koncert \u017eel v \u010dervnu nebude a l\u00edstky m\u016f\u017eete vr\u00e1tit v m\u00edst\u011b zakoupen\u00ed. &#8222;V\u00e1\u017een\u00ed p\u0159\u00e1tel\u00e9, a\u010dkoli m\u00e1me podepsanou smlouvu s booking agentem a koncert Chrise [&hellip;]<\/p>\n","protected":false},"author":6,"featured_media":0,"comment_status":"open","ping_status":"closed","sticky":false,"template":"","format":"standard","meta":{"_acf_changed":false,"footnotes":""},"categories":[404],"tags":[],"class_list":["post-4625","post","type-post","status-publish","format-standard","hentry","category-novinky"],"acf":[],"_links":{"self":[{"href":"https:\/\/musicbar.cz\/cs\/wp-json\/wp\/v2\/posts\/4625","targetHints":{"allow":["GET"]}}],"collection":[{"href":"https:\/\/musicbar.cz\/cs\/wp-json\/wp\/v2\/posts"}],"about":[{"href":"https:\/\/musicbar.cz\/cs\/wp-json\/wp\/v2\/types\/post"}],"author":[{"embeddable":true,"href":"https:\/\/musicbar.cz\/cs\/wp-json\/wp\/v2\/users\/6"}],"replies":[{"embeddable":true,"href":"https:\/\/musicbar.cz\/cs\/wp-json\/wp\/v2\/comments?post=4625"}],"version-history":[{"count":0,"href":"https:\/\/musicbar.cz\/cs\/wp-json\/wp\/v2\/posts\/4625\/revisions"}],"wp:attachment":[{"href":"https:\/\/musicbar.cz\/cs\/wp-json\/wp\/v2\/media?parent=4625"}],"wp:term":[{"taxonomy":"category","embeddable":true,"href":"https:\/\/musicbar.cz\/cs\/wp-json\/wp\/v2\/categories?post=4625"},{"taxonomy":"post_tag","embeddable":true,"href":"https:\/\/musicbar.cz\/cs\/wp-json\/wp\/v2\/tags?post=4625"}],"curies":[{"name":"wp","href":"https:\/\/api.w.org\/{rel}","templated":true}]}}