{"id":44586,"date":"2025-08-20T13:00:40","date_gmt":"2025-08-20T11:00:40","guid":{"rendered":"https:\/\/musicbar.cz\/?p=44586"},"modified":"2025-12-18T14:43:19","modified_gmt":"2025-12-18T12:43:19","slug":"vypsana-fixa-14","status":"publish","type":"post","link":"https:\/\/musicbar.cz\/cs\/program\/vypsana-fixa-14\/","title":{"rendered":"Vypsan\u00e1 fiXa"},"content":{"rendered":"<p>Line up: 18:30 otev\u00edr\u00e1me | 20:00 W&#038;T | 20:45 Vypsan\u00e1 fiXa<br \/>\nPo t\u0159ech letech se Vypsan\u00e1 fiXa vrac\u00ed do Lucerna Music Baru \u2013 a rovnou na dva speci\u00e1ln\u00ed koncerty!<br \/>\nKapela vyr\u00e1\u017e\u00ed na podzimn\u00ed \u0161\u0148\u016fru k v\u00fdro\u010d\u00ed sv\u00e9 t\u0159et\u00ed desky Kr\u00e1sa nesm\u00edrn\u00e1, z n\u00ed\u017e zahraje \u0159adu p\u00edsn\u00ed. Z\u00e1rove\u0148 ale pracuje i na nov\u00e9 desce, tak\u017ee fanou\u0161ci se mohou t\u011b\u0161it i na ochutn\u00e1vku zbrusu nov\u00fdch skladeb.<\/p>","protected":false},"excerpt":{"rendered":"<p>Line up: 18:30 otev\u00edr\u00e1me | 20:00 W&#038;T | 20:45 Vypsan\u00e1 fiXa Po t\u0159ech letech se Vypsan\u00e1 fiXa vrac\u00ed do Lucerna Music Baru \u2013 a rovnou na dva speci\u00e1ln\u00ed koncerty! Kapela vyr\u00e1\u017e\u00ed na podzimn\u00ed \u0161\u0148\u016fru k v\u00fdro\u010d\u00ed sv\u00e9 t\u0159et\u00ed desky Kr\u00e1sa nesm\u00edrn\u00e1, z n\u00ed\u017e zahraje \u0159adu p\u00edsn\u00ed. Z\u00e1rove\u0148 ale pracuje i na nov\u00e9 desce, tak\u017ee fanou\u0161ci [&hellip;]<\/p>\n","protected":false},"author":18,"featured_media":0,"comment_status":"closed","ping_status":"closed","sticky":false,"template":"","format":"standard","meta":{"_acf_changed":false,"footnotes":""},"categories":[405],"tags":[],"class_list":["post-44586","post","type-post","status-publish","format-standard","hentry","category-program"],"acf":[],"_links":{"self":[{"href":"https:\/\/musicbar.cz\/cs\/wp-json\/wp\/v2\/posts\/44586","targetHints":{"allow":["GET"]}}],"collection":[{"href":"https:\/\/musicbar.cz\/cs\/wp-json\/wp\/v2\/posts"}],"about":[{"href":"https:\/\/musicbar.cz\/cs\/wp-json\/wp\/v2\/types\/post"}],"author":[{"embeddable":true,"href":"https:\/\/musicbar.cz\/cs\/wp-json\/wp\/v2\/users\/18"}],"replies":[{"embeddable":true,"href":"https:\/\/musicbar.cz\/cs\/wp-json\/wp\/v2\/comments?post=44586"}],"version-history":[{"count":10,"href":"https:\/\/musicbar.cz\/cs\/wp-json\/wp\/v2\/posts\/44586\/revisions"}],"predecessor-version":[{"id":45679,"href":"https:\/\/musicbar.cz\/cs\/wp-json\/wp\/v2\/posts\/44586\/revisions\/45679"}],"wp:attachment":[{"href":"https:\/\/musicbar.cz\/cs\/wp-json\/wp\/v2\/media?parent=44586"}],"wp:term":[{"taxonomy":"category","embeddable":true,"href":"https:\/\/musicbar.cz\/cs\/wp-json\/wp\/v2\/categories?post=44586"},{"taxonomy":"post_tag","embeddable":true,"href":"https:\/\/musicbar.cz\/cs\/wp-json\/wp\/v2\/tags?post=44586"}],"curies":[{"name":"wp","href":"https:\/\/api.w.org\/{rel}","templated":true}]}}