{"id":4282,"date":"2013-03-29T14:56:48","date_gmt":"2013-03-29T14:56:48","guid":{"rendered":"http:\/\/www.musicbar.cz\/?p=4282"},"modified":"2013-04-02T20:45:28","modified_gmt":"2013-04-02T20:45:28","slug":"oslavte-japril-ve-ctvrtek-4-dubna-s-j-a-r","status":"publish","type":"post","link":"https:\/\/musicbar.cz\/cs\/novinky\/oslavte-japril-ve-ctvrtek-4-dubna-s-j-a-r\/","title":{"rendered":"Oslavte JApR\u00edl ve \u010dtvrtek 4. dubna s J.A.R.!"},"content":{"rendered":"<p><\/p>\n<p><a href=\"http:\/\/www.musicbar.cz\/wp-content\/uploads\/2013\/03\/IMG_0747_170x170.jpg\"><img loading=\"lazy\" decoding=\"async\" class=\"alignleft size-full wp-image-4283\" title=\"IMG_0747_170x170\" src=\"http:\/\/www.musicbar.cz\/wp-content\/uploads\/2013\/03\/IMG_0747_170x170.jpg\" alt=\"\" width=\"170\" height=\"170\" srcset=\"https:\/\/storage.googleapis.com\/goout-wordpress-uploads\/musicbarcz\/2013\/03\/IMG_0747_170x170.jpg 170w, https:\/\/storage.googleapis.com\/goout-wordpress-uploads\/musicbarcz\/2013\/03\/IMG_0747_170x170-300x300.jpg 300w, https:\/\/storage.googleapis.com\/goout-wordpress-uploads\/musicbarcz\/2013\/03\/IMG_0747_170x170-900x900.jpg 900w\" sizes=\"auto, (max-width: 170px) 100vw, 170px\" \/><\/a><strong>J.A.R.<\/strong> se op\u011bt po roce objev\u00ed v Lucerna Music Baru! St\u00e1le sve\u0159ep\u00ed p\u00e1nov\u00e9, kte\u0159\u00ed p\u0159\u00ed\u0161t\u00ed rok oslav\u00ed p\u011btadvac\u00e1t\u00e9 v\u00fdro\u010d\u00ed trv\u00e1n\u00ed kapely, si pro v\u00e1s na <strong>4. dubna<\/strong> p\u0159ipravili porci na\u0161lapan\u00fdch a prov\u011b\u0159en\u00fdch funkov\u00fdch pecek, kter\u00e9 zahraj\u00ed s vervou a umem sob\u011b vlastn\u00edm. Prosl\u00fdch\u00e1 se, \u017ee J.A.R. p\u0159ipravuj\u00ed na p\u0159\u00ed\u0161t\u00ed rok, tedy k v\u00fdro\u010d\u00ed \u010dtvrtstolet\u00ed na \u010desk\u00fdch\u00a0 a slovensk\u00fdch p\u00f3di\u00edch mimo\u0159\u00e1dnou desku, kter\u00e1 zhodnot\u00ed jejich vyzr\u00e1l\u00fd pohled na sou\u010dasn\u00e9 hudebn\u00ed d\u011bn\u00ed. P\u0159ij\u010fte si poslechnout Vrtuln\u00edka, Klempu a Dana B\u00e1rtu s Romanem Hol\u00fdm a dal\u0161\u00edmi, v jak\u00e9 se nach\u00e1zej\u00ed form\u011b je\u0161t\u011b ne\u017e zmiz\u00ed v nahr\u00e1vac\u00edm studiu. <strong>P.S. \u2026a Klempa se kv\u016fli tomu nechal pok\u00e9rovat\u2026.viz foto\u2026<\/strong><\/p>\n<p><!--more--><\/p>\n<p><\/p>","protected":false},"excerpt":{"rendered":"<p>J.A.R. se op\u011bt po roce objev\u00ed v Lucerna Music Baru! St\u00e1le sve\u0159ep\u00ed p\u00e1nov\u00e9, kte\u0159\u00ed p\u0159\u00ed\u0161t\u00ed rok oslav\u00ed p\u011btadvac\u00e1t\u00e9 v\u00fdro\u010d\u00ed trv\u00e1n\u00ed kapely, si pro v\u00e1s na 4. dubna p\u0159ipravili porci na\u0161lapan\u00fdch a prov\u011b\u0159en\u00fdch funkov\u00fdch pecek, kter\u00e9 zahraj\u00ed s vervou a umem sob\u011b vlastn\u00edm. Prosl\u00fdch\u00e1 se, \u017ee J.A.R. p\u0159ipravuj\u00ed na p\u0159\u00ed\u0161t\u00ed rok, tedy k v\u00fdro\u010d\u00ed \u010dtvrtstolet\u00ed na [&hellip;]<\/p>\n","protected":false},"author":6,"featured_media":0,"comment_status":"closed","ping_status":"closed","sticky":false,"template":"","format":"standard","meta":{"_acf_changed":false,"footnotes":""},"categories":[404],"tags":[],"class_list":["post-4282","post","type-post","status-publish","format-standard","hentry","category-novinky"],"acf":[],"_links":{"self":[{"href":"https:\/\/musicbar.cz\/cs\/wp-json\/wp\/v2\/posts\/4282","targetHints":{"allow":["GET"]}}],"collection":[{"href":"https:\/\/musicbar.cz\/cs\/wp-json\/wp\/v2\/posts"}],"about":[{"href":"https:\/\/musicbar.cz\/cs\/wp-json\/wp\/v2\/types\/post"}],"author":[{"embeddable":true,"href":"https:\/\/musicbar.cz\/cs\/wp-json\/wp\/v2\/users\/6"}],"replies":[{"embeddable":true,"href":"https:\/\/musicbar.cz\/cs\/wp-json\/wp\/v2\/comments?post=4282"}],"version-history":[{"count":0,"href":"https:\/\/musicbar.cz\/cs\/wp-json\/wp\/v2\/posts\/4282\/revisions"}],"wp:attachment":[{"href":"https:\/\/musicbar.cz\/cs\/wp-json\/wp\/v2\/media?parent=4282"}],"wp:term":[{"taxonomy":"category","embeddable":true,"href":"https:\/\/musicbar.cz\/cs\/wp-json\/wp\/v2\/categories?post=4282"},{"taxonomy":"post_tag","embeddable":true,"href":"https:\/\/musicbar.cz\/cs\/wp-json\/wp\/v2\/tags?post=4282"}],"curies":[{"name":"wp","href":"https:\/\/api.w.org\/{rel}","templated":true}]}}