{"id":42504,"date":"2024-12-12T16:35:19","date_gmt":"2024-12-12T14:35:19","guid":{"rendered":"https:\/\/musicbar.cz\/?p=42504"},"modified":"2025-04-09T15:01:54","modified_gmt":"2025-04-09T13:01:54","slug":"j-a-r-36","status":"publish","type":"post","link":"https:\/\/musicbar.cz\/cs\/program\/j-a-r-36\/","title":{"rendered":"J.A.R."},"content":{"rendered":"<p>Jarn\u00ed J.A.R. &#8211; nud\u011b zmar!<\/p>\n<p>Kapela J.A.R. m\u00e1 za sebou fantastick\u00fd rok 2024 \u2013 oslavila 35 let existence ve \u0161pi\u010dkov\u00e9 form\u011b a z\u00edskala cenu And\u011bl za kapelu roku. Te\u010f startuje novou sez\u00f3nu ve velk\u00e9m stylu! V legend\u00e1rn\u00edm Lucerna Music Baru odehraje rovnou trojkoncert, a to ve dnech 15., 16. a 17. dubna. P\u0159ipravte se na jarn\u00ed n\u00e1lo\u017e funku, energie a na nespoutanou show! V\u00edte p\u0159ece \u010d\u00edm here\u010dky p\u00ed\u0161ou, \u017ee!?<\/p>","protected":false},"excerpt":{"rendered":"<p>Jarn\u00ed J.A.R. &#8211; nud\u011b zmar! Kapela J.A.R. m\u00e1 za sebou fantastick\u00fd rok 2024 \u2013 oslavila 35 let existence ve \u0161pi\u010dkov\u00e9 form\u011b a z\u00edskala cenu And\u011bl za kapelu roku. Te\u010f startuje novou sez\u00f3nu ve velk\u00e9m stylu! V legend\u00e1rn\u00edm Lucerna Music Baru odehraje rovnou trojkoncert, a to ve dnech 15., 16. a 17. dubna. P\u0159ipravte se na [&hellip;]<\/p>\n","protected":false},"author":16,"featured_media":0,"comment_status":"closed","ping_status":"closed","sticky":false,"template":"","format":"standard","meta":{"_acf_changed":false,"footnotes":""},"categories":[405],"tags":[408],"class_list":["post-42504","post","type-post","status-publish","format-standard","hentry","category-program","tag-funk"],"acf":[],"_links":{"self":[{"href":"https:\/\/musicbar.cz\/cs\/wp-json\/wp\/v2\/posts\/42504","targetHints":{"allow":["GET"]}}],"collection":[{"href":"https:\/\/musicbar.cz\/cs\/wp-json\/wp\/v2\/posts"}],"about":[{"href":"https:\/\/musicbar.cz\/cs\/wp-json\/wp\/v2\/types\/post"}],"author":[{"embeddable":true,"href":"https:\/\/musicbar.cz\/cs\/wp-json\/wp\/v2\/users\/16"}],"replies":[{"embeddable":true,"href":"https:\/\/musicbar.cz\/cs\/wp-json\/wp\/v2\/comments?post=42504"}],"version-history":[{"count":12,"href":"https:\/\/musicbar.cz\/cs\/wp-json\/wp\/v2\/posts\/42504\/revisions"}],"predecessor-version":[{"id":43697,"href":"https:\/\/musicbar.cz\/cs\/wp-json\/wp\/v2\/posts\/42504\/revisions\/43697"}],"wp:attachment":[{"href":"https:\/\/musicbar.cz\/cs\/wp-json\/wp\/v2\/media?parent=42504"}],"wp:term":[{"taxonomy":"category","embeddable":true,"href":"https:\/\/musicbar.cz\/cs\/wp-json\/wp\/v2\/categories?post=42504"},{"taxonomy":"post_tag","embeddable":true,"href":"https:\/\/musicbar.cz\/cs\/wp-json\/wp\/v2\/tags?post=42504"}],"curies":[{"name":"wp","href":"https:\/\/api.w.org\/{rel}","templated":true}]}}