{"id":4215,"date":"2013-05-14T16:15:15","date_gmt":"2013-05-14T16:15:15","guid":{"rendered":"http:\/\/www.musicbar.cz\/?p=4215"},"modified":"2013-05-20T15:26:47","modified_gmt":"2013-05-20T15:26:47","slug":"frontline-assembly-po-dvou-letech-opet-zauraduji-v-lucerna-music-baru","status":"publish","type":"post","link":"https:\/\/musicbar.cz\/cs\/novinky\/frontline-assembly-po-dvou-letech-opet-zauraduji-v-lucerna-music-baru\/","title":{"rendered":"Front Line Assembly po dvou letech op\u011bt za\u00fa\u0159aduj\u00ed v Lucern\u011b!"},"content":{"rendered":"<p><strong><\/strong><a href=\"http:\/\/www.musicbar.cz\/wp-content\/uploads\/2013\/03\/fla.jpg\"><img loading=\"lazy\" decoding=\"async\" class=\"alignleft size-full wp-image-4217\" title=\"fla_\" src=\"http:\/\/www.musicbar.cz\/wp-content\/uploads\/2013\/03\/fla_.jpg\" alt=\"\" width=\"170\" height=\"170\" srcset=\"https:\/\/storage.googleapis.com\/goout-wordpress-uploads\/musicbarcz\/2013\/03\/fla_.jpg 170w, https:\/\/storage.googleapis.com\/goout-wordpress-uploads\/musicbarcz\/2013\/03\/fla_-300x300.jpg 300w, https:\/\/storage.googleapis.com\/goout-wordpress-uploads\/musicbarcz\/2013\/03\/fla_-900x900.jpg 900w\" sizes=\"auto, (max-width: 170px) 100vw, 170px\" \/><\/a>Dv\u011b informace, kter\u00e9 pot\u011b\u0161\u00ed srdce ka\u017ed\u00e9ho fanou\u0161ka kanadsk\u00fdch <strong>Front Line Assembly<\/strong>. <strong>Bill Leeb<\/strong> a spol. v t\u011bchto dnech dokon\u010duj\u00ed posledn\u00ed pr\u00e1ce na nov\u00e9 desce, kter\u00e1 vyjde v \u010dervnu. Nav\u00edc se chyst\u00e1 na turn\u00e9 do Evropy, kter\u00e9 se jednou zast\u00e1vkou dotkne v srpnu i \u010cesk\u00e9 republiky! U\u017e v \u010dervenci lo\u0148sk\u00e9ho roku jsme v\u00e1s informovali o tom, \u017ee Front Line Assembly ve studiu nahr\u00e1vaj\u00ed novou studiovou desku. V pl\u00e1nu bylo vyka\u0161lat se na kytary a s nov\u00fdm albem se tak trochu vr\u00e1tit nazp\u011bt k vlastn\u00edm ko\u0159en\u016fm. V posledn\u00edch dnech Bill Leeb a <strong>Jeremy Inkel<\/strong> na Facebooku doplnili doposud st\u0159\u00eddm\u00e9 informace o dal\u0161\u00ed podrobnosti: &#8222;Na nov\u00e9 desce bude deset nov\u00fdch skladeb a dnes<!--more--> do posledn\u00edch dvou dozp\u00edv\u00e1v\u00e1m vok\u00e1ln\u00ed linky&#8220;, navnadil v\u010dera fanou\u0161ky svou zpr\u00e1vou Bill. A taky dodal: &#8222;V srpnu vyjedem na turn\u00e9 do Evropy na desetidenn\u00ed \u0161\u0148\u016fru&#8220;. O jedn\u00e9 z nich jsme v\u00e1s u\u017e informovali d\u0159\u00edve &#8211; \u010dtve\u0159ice je jedn\u00edm z headliner\u016f megafestivalu M&#8217;era Luna.<\/p>\n<p><object width=\"560\" height=\"315\" classid=\"clsid:d27cdb6e-ae6d-11cf-96b8-444553540000\" codebase=\"http:\/\/download.macromedia.com\/pub\/shockwave\/cabs\/flash\/swflash.cab#version=6,0,40,0\"><param name=\"allowFullScreen\" value=\"true\" \/><param name=\"allowscriptaccess\" value=\"always\" \/><param name=\"src\" value=\"http:\/\/www.youtube.com\/v\/JmmwpPvd798?hl=cs_CZ&amp;version=3\" \/><param name=\"allowfullscreen\" value=\"true\" \/><embed width=\"560\" height=\"315\" type=\"application\/x-shockwave-flash\" src=\"http:\/\/www.youtube.com\/v\/JmmwpPvd798?hl=cs_CZ&amp;version=3\" allowFullScreen=\"true\" allowscriptaccess=\"always\" allowfullscreen=\"true\" \/><\/object><\/p>\n<p>Dnes v\u00e1m exkluzivn\u011b prozrazujeme dal\u0161\u00ed &#8211; Front Line Assembly necel\u00e9 dva roky po jejich posledn\u00edm koncertu v Praze vystoup\u00ed v na\u0161em hlavn\u00edm m\u011bst\u011b znovu! Do den\u00ed\u010dk\u016f si zapi\u0161te term\u00edn \u010dtvrtek 15. srpna, prostor Lucerna Music Baru a nav\u00edc fanou\u0161ky tvrd\u00e9 elektroniky jist\u011b pot\u011b\u0161\u00ed, \u017ee p\u0159edskokanem bude jin\u00e1 zaslou\u017eil\u00e1 parta, kter\u00e1 se v na\u0161ich luz\u00edch a h\u00e1j\u00edch neuk\u00e1zala velmi dlouhou dobu &#8211; Haujobb! Cena l\u00edstk\u016f v p\u0159edprodeji je stanovena na 450 K\u010d (p\u0159edprodej se rozeb\u011bhne ve st\u0159edu 20.b\u0159ezna), na m\u00edst\u011b fanou\u0161ci zaplat\u00ed celkem 550 K\u010d. Vstupenky se budou prod\u00e1vat v s\u00edt\u00edch Eventim, Ticketpro, Ticketportal, Ticketstrem a na pokladn\u011b nebo str\u00e1nk\u00e1ch Lucerna Music Baru.<\/p>\n<p>V\u00edce info na:<br \/>\n<a href=\"http:\/\/www.facebook.com\/l.php?u=http%3A%2F%2Fwww.mindphaser.com&amp;h=SAQGaiZ6u&amp;s=1\" target=\"_blank\">www.mindphaser.com<\/a><br \/>\n<a href=\"http:\/\/www.facebook.com\/l.php?u=http%3A%2F%2Fwww.musicbar.cz&amp;h=eAQEAF4p6&amp;s=1\" target=\"_blank\">www.musicbar.cz<\/a><br \/>\n<a href=\"http:\/\/www.facebook.com\/lucernamusicbar\" target=\"_blank\">www.facebook.com\/lucernamusicbar<\/a><br \/>\n<a href=\"http:\/\/www.facebook.com\/l.php?u=http%3A%2F%2Fwww.dsmacku.com&amp;h=cAQFQkCjk&amp;s=1\" target=\"_blank\">www.dsmacku.com<\/a><br \/>\n<a href=\"http:\/\/www.facebook.com\/dsmackupromotiom\" target=\"_blank\">www.facebook.com\/dsmackupromotiom<\/a><\/p>\n<p>Tiskov\u00e1 zpr\u00e1va byla vytvo\u0159ena s laskav\u00fdm svolen\u00edm u\u017eit\u00ed materi\u00e1lu zve\u0159ejn\u011bn\u00e9m na<a href=\"http:\/\/www.facebook.com\/l.php?u=http%3A%2F%2Fwww.sanctuary.cz&amp;h=WAQFv1ciU&amp;s=1\" target=\"_blank\">www.sanctuary.cz<\/a>, partnerem koncertu.<\/p>","protected":false},"excerpt":{"rendered":"<p>Dv\u011b informace, kter\u00e9 pot\u011b\u0161\u00ed srdce ka\u017ed\u00e9ho fanou\u0161ka kanadsk\u00fdch Front Line Assembly. Bill Leeb a spol. v t\u011bchto dnech dokon\u010duj\u00ed posledn\u00ed pr\u00e1ce na nov\u00e9 desce, kter\u00e1 vyjde v \u010dervnu. Nav\u00edc se chyst\u00e1 na turn\u00e9 do Evropy, kter\u00e9 se jednou zast\u00e1vkou dotkne v srpnu i \u010cesk\u00e9 republiky! U\u017e v \u010dervenci lo\u0148sk\u00e9ho roku jsme v\u00e1s informovali o tom, [&hellip;]<\/p>\n","protected":false},"author":6,"featured_media":0,"comment_status":"open","ping_status":"closed","sticky":false,"template":"","format":"standard","meta":{"_acf_changed":false,"footnotes":""},"categories":[404],"tags":[],"class_list":["post-4215","post","type-post","status-publish","format-standard","hentry","category-novinky"],"acf":[],"_links":{"self":[{"href":"https:\/\/musicbar.cz\/cs\/wp-json\/wp\/v2\/posts\/4215","targetHints":{"allow":["GET"]}}],"collection":[{"href":"https:\/\/musicbar.cz\/cs\/wp-json\/wp\/v2\/posts"}],"about":[{"href":"https:\/\/musicbar.cz\/cs\/wp-json\/wp\/v2\/types\/post"}],"author":[{"embeddable":true,"href":"https:\/\/musicbar.cz\/cs\/wp-json\/wp\/v2\/users\/6"}],"replies":[{"embeddable":true,"href":"https:\/\/musicbar.cz\/cs\/wp-json\/wp\/v2\/comments?post=4215"}],"version-history":[{"count":0,"href":"https:\/\/musicbar.cz\/cs\/wp-json\/wp\/v2\/posts\/4215\/revisions"}],"wp:attachment":[{"href":"https:\/\/musicbar.cz\/cs\/wp-json\/wp\/v2\/media?parent=4215"}],"wp:term":[{"taxonomy":"category","embeddable":true,"href":"https:\/\/musicbar.cz\/cs\/wp-json\/wp\/v2\/categories?post=4215"},{"taxonomy":"post_tag","embeddable":true,"href":"https:\/\/musicbar.cz\/cs\/wp-json\/wp\/v2\/tags?post=4215"}],"curies":[{"name":"wp","href":"https:\/\/api.w.org\/{rel}","templated":true}]}}