{"id":42025,"date":"2024-10-29T08:20:24","date_gmt":"2024-10-29T06:20:24","guid":{"rendered":"https:\/\/musicbar.cz\/?p=42025"},"modified":"2024-11-08T17:58:24","modified_gmt":"2024-11-08T15:58:24","slug":"skyline-pokrti-v-lucerna-music-baru-superpowers","status":"publish","type":"post","link":"https:\/\/musicbar.cz\/cs\/novinky\/skyline-pokrti-v-lucerna-music-baru-superpowers\/","title":{"rendered":"Skyline chystaj\u00ed k\u0159est nov\u00e9 desky"},"content":{"rendered":"<p>Popul\u00e1rn\u00ed elektronick\u00e1 parta Skyline v \u010dele s Jakubem B\u00ednou vyr\u00e1\u017e\u00ed na podzimn\u00ed turn\u00e9. Na seznamu jsou m\u011bsta Brno, Plze\u0148, D\u011b\u010d\u00edn, Hradec Kr\u00e1lov\u00e9, Liberec a dal\u0161\u00ed. Turn\u00e9 je k nov\u00e9 desce a k\u0159est je v\u00a0pl\u00e1nu 7. listopadu v Lucerna Music Baru. <\/p>\n<p>Dev\u00e1t\u00e1 deska Skyline dostala n\u00e1zev Superpowers a vy\u0161la za\u010d\u00e1tkem z\u00e1\u0159\u00ed. Pr\u00e1ce na albu zabrala kapele dva roky, a tak u\u017e se jej\u00ed \u010dlenov\u00e9 nem\u016f\u017eou do\u010dkat, a\u017e nov\u00e9 songy zahraj\u00ed kone\u010dn\u011b fanou\u0161k\u016fm na\u017eivo. Jakub B\u00edna k\u00a0nov\u00e9mu albu \u0159\u00edk\u00e1: \u201eMysl\u00edm, \u017ee na\u0161e nov\u00e1 deska bude m\u00edt v klubech fantastickou odezvu. Jde toti\u017e hodn\u011b o klubovou hudbu, m\u00e1me tam daleko v\u00edc tane\u010dn\u00edho soundu ne\u017e na p\u0159ede\u0161l\u00fdch desk\u00e1ch \u2013 hlavn\u011b drum and bass.\u201c<\/p>\n<p>\u201eV koncertn\u00edm setu samoz\u0159ejm\u011b nezapomeneme na ty nejz\u00e1sadn\u011bj\u0161\u00ed songy ze star\u0161\u00edho reperto\u00e1ru, kter\u00e9 maj\u00ed fanou\u0161ci nejrad\u0161i. \u010cty\u0159i singly z nov\u00e9 desky u\u017e jsme hr\u00e1li na letn\u00edch festivalech a na podzim jich je\u0161t\u011b n\u011bkolik p\u0159id\u00e1me,\u201c dod\u00e1v\u00e1 zakladatel kapely a buben\u00edk Radek Bure\u0161. \u201eNa nov\u00e9 songy reagovali lidi na festivalech v\u00fdborn\u011b, m\u00e1me z toho radost. Na desce je hned n\u011bkolik adept\u016f, kter\u00e9 by mohly na\u017eivo \u2013 obrazn\u011b \u0159e\u010deno \u2013 utrhnout klub\u016fm st\u0159echu,\u201c dopl\u0148uje Radek Bure\u0161. <\/p>\n<p>Klubov\u00e1 tour je p\u0159edev\u0161\u00edm o bl\u00edzk\u00e9m kontaktu mezi kapelou a publikem. \u201eAbychom celou show podpo\u0159ili, vezeme si i vlastn\u00ed sv\u011btla a techniku, aby to bylo co nejhez\u010d\u00ed. Prost\u011b full setup, jak \u0159\u00edk\u00e1 n\u00e1\u0161 osv\u011btlova\u010d Ond\u0159ej Buri\u00e1n. Narveme do t\u011bch klub\u016f, co se tam vejde,\u201c t\u011b\u0161\u00ed se Jakub B\u00edna.<\/p>\n<p>\u201eK\u0159est desky je pro n\u00e1s velk\u00e1 ud\u00e1lost. Lucerna Music Bar je n\u00e1\u0161 velmi obl\u00edben\u00fd klub, kde je naprosto \u0161pi\u010dkov\u00e9 z\u00e1zem\u00ed. Specifick\u00e9 p\u00f3dium umo\u017e\u0148uje b\u00fdt opravdu bl\u00edzko publiku, a to my m\u00e1me jako kontaktn\u00ed kapela r\u00e1di. V\u00a0Lucerna Music Baru jsme za\u017eili historicky jedny z\u00a0na\u0161ich nejlep\u0161\u00edch koncert\u016f a douf\u00e1me, \u017ee tenhle se k\u00a0nim p\u0159id\u00e1,\u201c dod\u00e1v\u00e1 za kapelu Radek Bure\u0161.<\/p>","protected":false},"excerpt":{"rendered":"<p>Popul\u00e1rn\u00ed elektronick\u00e1 parta Skyline v \u010dele s Jakubem B\u00ednou vyr\u00e1\u017e\u00ed na podzimn\u00ed turn\u00e9. Na seznamu jsou m\u011bsta Brno, Plze\u0148, D\u011b\u010d\u00edn, Hradec Kr\u00e1lov\u00e9, Liberec a dal\u0161\u00ed. Turn\u00e9 je k nov\u00e9 desce a k\u0159est je v\u00a0pl\u00e1nu 7. listopadu v Lucerna Music Baru. Dev\u00e1t\u00e1 deska Skyline dostala n\u00e1zev Superpowers a vy\u0161la za\u010d\u00e1tkem z\u00e1\u0159\u00ed. Pr\u00e1ce na albu zabrala kapele [&hellip;]<\/p>\n","protected":false},"author":16,"featured_media":0,"comment_status":"closed","ping_status":"closed","sticky":false,"template":"","format":"standard","meta":{"_acf_changed":false,"footnotes":""},"categories":[404],"tags":[],"class_list":["post-42025","post","type-post","status-publish","format-standard","hentry","category-novinky"],"acf":[],"_links":{"self":[{"href":"https:\/\/musicbar.cz\/cs\/wp-json\/wp\/v2\/posts\/42025","targetHints":{"allow":["GET"]}}],"collection":[{"href":"https:\/\/musicbar.cz\/cs\/wp-json\/wp\/v2\/posts"}],"about":[{"href":"https:\/\/musicbar.cz\/cs\/wp-json\/wp\/v2\/types\/post"}],"author":[{"embeddable":true,"href":"https:\/\/musicbar.cz\/cs\/wp-json\/wp\/v2\/users\/16"}],"replies":[{"embeddable":true,"href":"https:\/\/musicbar.cz\/cs\/wp-json\/wp\/v2\/comments?post=42025"}],"version-history":[{"count":7,"href":"https:\/\/musicbar.cz\/cs\/wp-json\/wp\/v2\/posts\/42025\/revisions"}],"predecessor-version":[{"id":42187,"href":"https:\/\/musicbar.cz\/cs\/wp-json\/wp\/v2\/posts\/42025\/revisions\/42187"}],"wp:attachment":[{"href":"https:\/\/musicbar.cz\/cs\/wp-json\/wp\/v2\/media?parent=42025"}],"wp:term":[{"taxonomy":"category","embeddable":true,"href":"https:\/\/musicbar.cz\/cs\/wp-json\/wp\/v2\/categories?post=42025"},{"taxonomy":"post_tag","embeddable":true,"href":"https:\/\/musicbar.cz\/cs\/wp-json\/wp\/v2\/tags?post=42025"}],"curies":[{"name":"wp","href":"https:\/\/api.w.org\/{rel}","templated":true}]}}