{"id":41608,"date":"2024-09-25T13:19:25","date_gmt":"2024-09-25T11:19:25","guid":{"rendered":"https:\/\/musicbar.cz\/?p=41608"},"modified":"2025-01-22T13:48:38","modified_gmt":"2025-01-22T11:48:38","slug":"katarzia","status":"publish","type":"post","link":"https:\/\/musicbar.cz\/cs\/program\/katarzia\/","title":{"rendered":"Katarzia \/ SK"},"content":{"rendered":"<p>Line up:<br \/>\n19:00 doors<br \/>\n20:00 Baron Haze<br \/>\n21:00 Katarzia<\/p>\n<p>Katarzia vystoup\u00ed v Lucerna Music Baru ve speci\u00e1ln\u00ed sestav\u011b, kter\u00e1 kombinuje elektroniku (Aid Kid) a akustick\u00e9 n\u00e1stroje (kapela ve slo\u017een\u00ed Robin Galia \u2013 kl\u00e1vesy, Milo\u0161 Kl\u00e1p\u0161t\u011b \u2013 basa, a Oliver Lipensk\u00fd \u2013 bic\u00ed), dopln\u011bn\u00e9 o vokalistky Simonu Hulejovou a Eriku Rein. Po n\u011bkolika letech znovu p\u0159edstav\u00ed projekce vytvo\u0159en\u00e9 na m\u00edru text\u016fm, kter\u00e9 m\u00e1 na sv\u011bdom\u00ed \u010desko-islandsk\u00e1 um\u011blkyn\u011b DVDJ NNS. Chyb\u011bt nebude ani pro koncerty Katarzie typick\u00fd light design v re\u017eii Tom\u00e1\u0161e Ko\u0161\u0165\u00e1ka. B\u011bhem ve\u010dera zazn\u00ed pr\u016f\u0159ez jej\u00ed tvorbou, ale tak\u00e9 zcela nov\u00e9 p\u00edsn\u011b, kter\u00e9 Katarzia pl\u00e1nuje vydat a\u017e za del\u0161\u00ed dobu. N\u00e1v\u0161t\u011bvn\u00edci usly\u0161\u00ed playlist, kter\u00fd byl p\u016fvodn\u011b nachystan\u00fd pro festival Pohoda, kde se kv\u016fli bou\u0159i koncert nakonec neuskute\u010dnil. Jako host\u00e9 vystoup\u00ed Katarziina obl\u00edben\u00e1 kapela Baron Haze, kterou tvo\u0159\u00ed tak\u00e9 klav\u00edrista a skladatel Robin Galia a zp\u011bva\u010dka a skladatelka Simona Hulejov\u00e1, kter\u00e1 z\u00e1rove\u0148 pos\u00edl\u00ed vok\u00e1ly na koncert\u011b Katarzie.<\/p>","protected":false},"excerpt":{"rendered":"<p>Line up: 19:00 doors 20:00 Baron Haze 21:00 Katarzia Katarzia vystoup\u00ed v Lucerna Music Baru ve speci\u00e1ln\u00ed sestav\u011b, kter\u00e1 kombinuje elektroniku (Aid Kid) a akustick\u00e9 n\u00e1stroje (kapela ve slo\u017een\u00ed Robin Galia \u2013 kl\u00e1vesy, Milo\u0161 Kl\u00e1p\u0161t\u011b \u2013 basa, a Oliver Lipensk\u00fd \u2013 bic\u00ed), dopln\u011bn\u00e9 o vokalistky Simonu Hulejovou a Eriku Rein. Po n\u011bkolika letech znovu p\u0159edstav\u00ed [&hellip;]<\/p>\n","protected":false},"author":16,"featured_media":0,"comment_status":"closed","ping_status":"closed","sticky":false,"template":"","format":"standard","meta":{"_acf_changed":false,"footnotes":""},"categories":[405],"tags":[418],"class_list":["post-41608","post","type-post","status-publish","format-standard","hentry","category-program","tag-pop"],"acf":[],"_links":{"self":[{"href":"https:\/\/musicbar.cz\/cs\/wp-json\/wp\/v2\/posts\/41608","targetHints":{"allow":["GET"]}}],"collection":[{"href":"https:\/\/musicbar.cz\/cs\/wp-json\/wp\/v2\/posts"}],"about":[{"href":"https:\/\/musicbar.cz\/cs\/wp-json\/wp\/v2\/types\/post"}],"author":[{"embeddable":true,"href":"https:\/\/musicbar.cz\/cs\/wp-json\/wp\/v2\/users\/16"}],"replies":[{"embeddable":true,"href":"https:\/\/musicbar.cz\/cs\/wp-json\/wp\/v2\/comments?post=41608"}],"version-history":[{"count":13,"href":"https:\/\/musicbar.cz\/cs\/wp-json\/wp\/v2\/posts\/41608\/revisions"}],"predecessor-version":[{"id":42947,"href":"https:\/\/musicbar.cz\/cs\/wp-json\/wp\/v2\/posts\/41608\/revisions\/42947"}],"wp:attachment":[{"href":"https:\/\/musicbar.cz\/cs\/wp-json\/wp\/v2\/media?parent=41608"}],"wp:term":[{"taxonomy":"category","embeddable":true,"href":"https:\/\/musicbar.cz\/cs\/wp-json\/wp\/v2\/categories?post=41608"},{"taxonomy":"post_tag","embeddable":true,"href":"https:\/\/musicbar.cz\/cs\/wp-json\/wp\/v2\/tags?post=41608"}],"curies":[{"name":"wp","href":"https:\/\/api.w.org\/{rel}","templated":true}]}}