{"id":4130,"date":"2013-03-13T20:37:21","date_gmt":"2013-03-13T20:37:21","guid":{"rendered":"http:\/\/www.musicbar.cz\/?p=4130"},"modified":"2013-03-19T15:52:35","modified_gmt":"2013-03-19T15:52:35","slug":"michal-prokop-nam-predstavi-sve-nove-a-uz-zlate-album-30-dubna","status":"publish","type":"post","link":"https:\/\/musicbar.cz\/cs\/novinky\/michal-prokop-nam-predstavi-sve-nove-a-uz-zlate-album-30-dubna\/","title":{"rendered":"Michal Prokop n\u00e1m p\u0159edstav\u00ed sv\u00e9 nov\u00e9 a u\u017e zlat\u00e9 album 30. dubna"},"content":{"rendered":"<p><a href=\"http:\/\/www.musicbar.cz\/wp-content\/uploads\/2013\/03\/MP-014.jpg\"><img loading=\"lazy\" decoding=\"async\" class=\"alignleft size-thumbnail wp-image-4132\" title=\"MP 014_\" src=\"http:\/\/www.musicbar.cz\/wp-content\/uploads\/2013\/03\/MP-014_-150x150.jpg\" alt=\"\" width=\"170\" height=\"170\" \/><\/a>Nov\u00e9 album \u201eSto rok\u016f na cest\u011b\u201c je ji\u017e zlat\u00e9 a jeho autor, zp\u011bv\u00e1k <strong>Michal Prokop<\/strong> to oslav\u00ed stylov\u011b koncertem, kter\u00fd je napl\u00e1nov\u00e1n na <strong>30. dubna<\/strong> v pra\u017esk\u00e9m Lucerna Music Baru. Na\u017eivo zahraje s kapelou a hosty i nov\u00e9 skladby. Album vy\u0161lo 30. \u0159\u00edjna 2012 a titulem &#8222;zlat\u00e1 deska&#8220; se m\u016f\u017ee chlubit ji\u017e \u010dty\u0159i m\u011bs\u00edce po sv\u00e9m vyd\u00e1n\u00ed. Poslucha\u010di na toto album museli \u010dekat dlouh\u00fdch \u0161est let, kter\u00e9 uplynuly od vyd\u00e1n\u00ed &#8222;Poprv\u00e9 naposledy&#8220;. A \u017ee \u010dekali nedo\u010dkav\u011b, potvrzuje nejen z\u00edsk\u00e1n\u00ed Zlat\u00e9 desky, ale i vyprodan\u00fd k\u0159est alba, kter\u00fd prob\u011bhl 19. prosince v\u00a0pra\u017esk\u00e9m divadle Archa. P\u0159esn\u011b p\u016fl roku po vyd\u00e1n\u00ed, tedy 30. dubna, se bude konat koncert v\u00a0Lucerna Music Baru, kde<!--more--><br \/>\nprob\u011bhne i symbolick\u00e1 oslava ocen\u011bn\u00ed Zlat\u00e1 deska, kterou album Sto rok\u016f na cest\u011b z\u00edskalo.<\/p>\n<p><strong><\/strong>Album Sto rok\u016f na cest\u011b se udr\u017eelo v\u00a0prodejn\u00ed ifpi.cz hitpar\u00e1d\u011b 2 t\u00fddny v\u00a0top 10 nej\u00fasp\u011b\u0161n\u011bj\u0161\u00edch a dokonce 11 t\u00fddn\u016f v\u00a0top 50 nej\u00fasp\u011b\u0161n\u011bj\u0161\u00edch desk\u00e1ch. \u00dasp\u011bch deska nem\u011bla jen u poslucha\u010d\u016f, ale tak\u00e9 u hudebn\u00edch kritik\u016f a novin\u00e1\u0159\u016f, kte\u0159\u00ed album recenzovali velmi pozitivn\u011b. A co na tento \u00fasp\u011bch \u0159\u00edk\u00e1 po\u0159adatel David Gayde\u010dka? <em>&#8222;Jsme r\u00e1di, \u017ee jsme se dohodli s Michalem Prokopem na po\u0159\u00e1d\u00e1n\u00ed koncertu, kter\u00fdm navazujeme na prosincov\u00fd k\u0159est v Ar\u0161e. Na vyprodan\u00fd koncert se tehdy dost lid\u00ed nedostalo. P\u0159in\u00e1\u0161\u00edme tedy pro pra\u017esk\u00e9 publikum druhou p\u0159\u00edle\u017eitost. Michal Prokop vydal album Sto rok\u016f na cest\u011b \u0161est let po comebeckov\u00e9m Poprv\u00e9 Naposledy a stejn\u011b tak vz\u00e1cn\u00e9 jsou mo\u017enosti vyslechnout si jeho koncerty na\u017eivo.&#8220;<\/em><\/p>\n<p><a href=\"http:\/\/www.musicbar.cz\/wp-content\/uploads\/2013\/03\/storoku.jpg\"><img loading=\"lazy\" decoding=\"async\" class=\"alignleft size-thumbnail wp-image-4134\" title=\"booklet_navrh_def.indd\" src=\"http:\/\/www.musicbar.cz\/wp-content\/uploads\/2013\/03\/storoku-150x150.jpg\" alt=\"\" width=\"150\" height=\"150\" \/><\/a>Na albu nazvan\u00e9m Sto rok\u016f na cest\u011b najdou poslucha\u010di dvan\u00e1ct skladeb, jejich\u017e autory jsou samotn\u00fd zp\u011bv\u00e1k, d\u00e1le Petr Skoumal a Jan Hrub\u00fd. Texty obstaral Pavel \u0160rut a Jan Lacina. Lidem se tak dostala do ruky nahr\u00e1vka, kter\u00e1 je tradi\u010dn\u011b op\u011bt velmi pestr\u00e1. \u201e<em>Chv\u00edli rockov\u011b bluesov\u00e1, chv\u00edli trochu najazzl\u00e1, chv\u00edli p\u00edsni\u010dkov\u00e1, chvilku i country, postaven\u00e1 na skv\u011bl\u00fdch textech. Ko\u0159eny v letech \u0161edes\u00e1t\u00fdch, zvuk pou\u010den\u00fd jednadvac\u00e1t\u00fdm stolet\u00edm,<\/em>\u201c \u0159\u00edk\u00e1 Michal Prokop.<strong> <\/strong>Michala Prokopa na desce doprov\u00e1z\u00ed kapela, se kterou hraje n\u011bkolik posledn\u00edch let neboli sou\u010dasn\u00fd Framus Five: Pavel Raz\u00edm na bic\u00ed, Zden\u011bk Wimpy Tichota na baskytaru, Jan Kol\u00e1\u0159 na kl\u00e1vesy, Jirka \u0160\u00edma na saxofony, Roman Bobick Kub\u00e1t na trubku a dv\u011b instrument\u00e1ln\u00ed hv\u011bzdy \u2013 kytarista Lubo\u0161 Andr\u0161t a houslista Jan Hrub\u00fd. \u201e<em>Na kl\u00e1vesy si p\u0159i\u0161el zahr\u00e1t tak\u00e9 Petr Skoumal, na hammondky Jan Ko\u0159\u00ednek a na sbory jsme si pozvali vokalistky B\u00e1ru Vacul\u00edkovou a L\u00e9\u0148u Yellow<\/em>,\u201c dopl\u0148uje Michal Prokop.<\/p>\n<p><iframe loading=\"lazy\" src=\"http:\/\/www.youtube.com\/embed\/N5ginI_V9aE\" frameborder=\"0\" width=\"560\" height=\"315\"><\/iframe><\/p>\n<p><strong><br \/>\nSto rok\u016f na cest\u011b<\/strong><br \/>\nMichal Prokop a Framus Five (MP+FF)<br \/>\nMichal Prokop \u2013 s\u00f3lo zp\u011bv, harmonika, akustick\u00e1 kytara, kl\u00e1vesy, sbory, producent<br \/>\nLubo\u0161 Andr\u0161t \u2013 kytary, Jan Hrub\u00fd \u2013 housle, Jan Kol\u00e1\u0159 \u2013 kl\u00e1vesy, Ji\u0159\u00ed \u0160\u00edma \u2013 saxofony, Roman Bobick Kub\u00e1t \u2013 trubka, Zden\u011bk Wimpy Tichota \u2013 baskytary, Pavel Raz\u00edm \u2013 bic\u00ed n\u00e1stroje<\/p>\n<p><strong>a host\u00e9:<\/strong><br \/>\nPetr Skoumal &#8211; kl\u00e1vesy, Jan Ko\u0159\u00ednek &#8211; varhany, B\u00e1ra Vacul\u00edkov\u00e1 &#8211; sbory, L\u00e9\u0148a Yellow &#8211; sbory<\/p>\n<p><strong>Tracklist:<\/strong><\/p>\n<p>Zatm\u011bn\u00ed \u2013 Michal Prokop\/ Jan Lacina (MP+FF, Jan Ko\u0159\u00ednek, B\u00e1ra Vacul\u00edkov\u00e1, L\u00e9\u0148a Yellow)<\/p>\n<p>Silueta \u2013 Michal Prokop\/ Pavel \u0160rut (MP+FF, Jan Ko\u0159\u00ednek, B\u00e1ra Vacul\u00edkov\u00e1, L\u00e9\u0148a Yellow)<\/p>\n<p>N\u011bkdy a n\u011bkde \u2013 Michal Prokop\/ Pavel \u0160rut (MP+FF)<\/p>\n<p>Kart\u00e1\u010dek na zuby \u2013 Petr Skoumal\/ Pavel \u0160rut (MP+FF, Petr Skoumal)<\/p>\n<p>Oby\u010dejnej chl\u00e1pek \u2013 Jan Hrub\u00fd\/ Pavel \u0160rut (MP+FF)<\/p>\n<p>Kupl\u00ed\u0159ka Lukr\u00e9cie \u2013 Michal Prokop\/ Pavel \u0160rut (MP+FF)<\/p>\n<p>\u0160eherez\u00e1da \u2013 Michal Prokop\/ Pavel \u0160rut (MP+FF, Jan Ko\u0159\u00ednek, B\u00e1ra Vacul\u00edkov\u00e1, L\u00e9\u0148a Yellow)<\/p>\n<p>Z\u00edtra to rozto\u010d\u00edme\u00a0 &#8211; Jan Hrub\u00fd\/ Jan Lacina (MP+FF, Jan Ko\u0159\u00ednek, B\u00e1ra Vacul\u00edkov\u00e1, L\u00e9\u0148a Yellow)<\/p>\n<p>Stodoln\u00ed \u2013 Petr Skoumal\/ Pavel \u0160rut (MP+FF, Petr Skoumal)<\/p>\n<p>Sto rok\u016f samoty \u2013 Michal Prokop\/ Pavel \u0160rut (MP+FF, Jan Ko\u0159\u00ednek)<\/p>\n<p>Dobr\u00fd r\u00e1no mil\u00e1\u010dku \u2013 Michal Prokop\/ Jan Lacina (MP+FF, Jan Ko\u0159\u00ednek)<\/p>\n<p>\u00dat\u011bky \u2013 Michal Prokop\/ Pavel \u0160rut (MP+FF, Jan Ko\u0159\u00ednek)<\/p>\n<p>Nahr\u00e1no ve studi\u00edch Sono Records Nouzov, Fatdog Studio Karl\u0161tejn a v\u00a0dom\u00e1c\u00edch studi\u00edch LA, JH, PS, b\u0159ezen a\u017e \u010dervenec 2012.<\/p>\n<p>Zvukov\u00e1 re\u017eie: Pavel Marcel a Pavel Bohat\u00fd.<\/p>\n<p>Mix a Mastering: Pavel Marcel &#8211;\u00a0 Fatdog Studio Karl\u0161tejn<\/p>\n<p>Produkce: Michal Prokop, Ivan Prokop, David Gayde\u010dka<\/p>\n<p>Fotografie: Lucie Ra\u0161kovov\u00e1 a Ivan Prokop<\/p>\n<p>Obal a grafick\u00e1 \u00faprava: Karel Haloun a Lud\u011bk Kub\u00edk<\/p>\n<p>Vydavatel: \u00a9 Joe\u00b4s Garage <a href=\"http:\/\/www.joesgarage.cz\/\">www.joesgarage.cz<\/a>, <a href=\"http:\/\/www.michalprokop.cz\/\">www.michalprokop.cz<\/a><\/p>\n<p><strong>MICHAL PROKOP<\/strong> (*1946) &#8211; Mu\u017e mnoha z\u00e1jm\u016f a profes\u00ed, v hudebn\u00ed oblasti zn\u00e1m p\u0159edev\u0161\u00edm jako zp\u011bv\u00e1k, pohybuj\u00edc\u00ed se p\u0159ibli\u017en\u011b v troj\u00faheln\u00edku \u017e\u00e1nr\u016f rock \u2013 soul \u2013 blues. V roce 1968 absolvoval Vysokou \u0161kolu ekonomickou, u\u017e b\u011bhem studi\u00ed ale p\u016fsobil jako kytarista a zp\u011bv\u00e1k skupiny Framus Five, je\u017e se ve sv\u00e9m prvn\u00edm vrcholn\u00e9m obdob\u00ed zam\u011b\u0159ovala na soul a rhythm\u00b4n\u00b4blues podle afroamerick\u00fdch vzor\u016f, zejm\u00e9na Raye Charlese. Skupina Framus Five nato\u010dila dv\u011b alba: Blues In Soul (1968) s p\u0159evzat\u00fdm soulov\u00fdm reperto\u00e1rem a \u010desky zp\u00edvan\u00e9 M\u011bsto Er (1971) s rozs\u00e1hlou tituln\u00ed skladbou na text Josefa Kainara. Po rozpadu Framus Five se po v\u011bt\u0161inu sedmdes\u00e1t\u00fdch let Michal Prokop v\u011bnoval st\u0159edn\u00edmu proudu a byl mj. \u010dlenem divadla Semafor. V roce 1978 skupinu Framus Five pod lehce pozm\u011bn\u011bn\u00fdm n\u00e1zvem Framus 5 obnovil a po po\u010d\u00e1te\u010dn\u00edm hled\u00e1n\u00ed optim\u00e1ln\u00ed sestavy i stylu nalezl dokonal\u00e9 autorsk\u00e9 souzn\u011bn\u00ed s b\u00e1sn\u00edkem Pavlem \u0160rutem a skladatelem Petrem Skoumalem a hudebn\u00ed rezonanci v sestav\u011b, veden\u00e9 houslistou Janem Hrub\u00fdm. \u0160\u0165astn\u00e9 obdob\u00ed vyvrcholilo vynikaj\u00edc\u00edm albem Kolej Yesterday (1984), je\u017e zah\u00e1jilo volnou trilogii alb (prozat\u00edm) vrcholn\u00e9ho Prokopova tv\u016fr\u010d\u00edho obdob\u00ed. Dotv\u00e1\u0159ej\u00ed ji nahr\u00e1vky Nic ve zl\u00fdm, nic v dobr\u00fdm (1987) a Snad n\u00e1m na\u0161e d\u011bti&#8230; (1989). Hned zkraje devades\u00e1t\u00fdch let Michal Prokop opustil dr\u00e1hu profesion\u00e1ln\u00edho zp\u011bv\u00e1ka a pustil se do politiky nejprve jako poslanec, pozd\u011bji jako n\u00e1m\u011bstek ministra kultury, pozd\u011bji op\u011bt jako poslanec. V\u00a0roce 1992 dokon\u010dil studium filozofick\u00e9 fakulty Univerzity Karlovy. V letech 1998 \u2013 2000 byl \u0159editelem spole\u010dnosti Praha 2000 \u2013 Evropsk\u00e9 m\u011bsto kultury. Od roku 2002 byl \u010dlenem Rady \u010cesk\u00e9ho rozhlasu, od roku 2004 a\u017e do skon\u010den\u00ed funk\u010dn\u00edho obdob\u00ed v \u00fanoru 2006 byl jej\u00edm p\u0159edsedou. V letech 1998 \u2013 1999 p\u0159ipravoval a moderoval pro televizi Prima politickou talk show Nic ve zl\u00fdm, od roku 2000 m\u00e1 v \u010cesk\u00e9 televizi po\u0159ad Kr\u00e1sn\u00fd ztr\u00e1ty, kter\u00fd ji\u017e politickou orientaci daleko p\u0159esahuje.<\/p>\n<p>Pro dal\u0161\u00ed informace, \u017e\u00e1dosti o rozhovory a fotografie kontaktujte:<\/p>\n<p>Barbora \u0160ubrtov\u00e1, <a href=\"mailto:barbora.subrtova@unitedislands.cz\">barbora.subrtova@unitedislands.cz<\/a>, <a href=\"tel:731\">tel: +420 731<\/a> 00 50 70<\/p>\n<p><strong>Michal Prokop, Zlat\u00e1 deska Sto rok\u016f na cest\u011b<\/strong><\/p>\n<p><strong>Framus Five a host\u00e9<\/strong><\/p>\n<p>30. 4. 2013 Lucerna Music Bar, 20 hodin<\/p>\n<p>Vstupenky od pond\u011bl\u00ed 4. b\u0159ezna v\u00a0prodeji v\u00a0s\u00edti Ticketpro a na pokladn\u011b Lucerna Music Baru.<\/p>\n<p>St\u00e1n\u00ed 290 K\u010d, balkon sezen\u00ed 490K\u010d, pro klienty \u010cesk\u00e9 spo\u0159itelny 20% sleva<\/p>\n<p>www.unitedislands.cz<\/p>","protected":false},"excerpt":{"rendered":"<p>Nov\u00e9 album \u201eSto rok\u016f na cest\u011b\u201c je ji\u017e zlat\u00e9 a jeho autor, zp\u011bv\u00e1k Michal Prokop to oslav\u00ed stylov\u011b koncertem, kter\u00fd je napl\u00e1nov\u00e1n na 30. dubna v pra\u017esk\u00e9m Lucerna Music Baru. Na\u017eivo zahraje s kapelou a hosty i nov\u00e9 skladby. Album vy\u0161lo 30. \u0159\u00edjna 2012 a titulem &#8222;zlat\u00e1 deska&#8220; se m\u016f\u017ee chlubit ji\u017e \u010dty\u0159i m\u011bs\u00edce po [&hellip;]<\/p>\n","protected":false},"author":6,"featured_media":0,"comment_status":"open","ping_status":"closed","sticky":false,"template":"","format":"standard","meta":{"_acf_changed":false,"footnotes":""},"categories":[404],"tags":[],"class_list":["post-4130","post","type-post","status-publish","format-standard","hentry","category-novinky"],"acf":[],"_links":{"self":[{"href":"https:\/\/musicbar.cz\/cs\/wp-json\/wp\/v2\/posts\/4130","targetHints":{"allow":["GET"]}}],"collection":[{"href":"https:\/\/musicbar.cz\/cs\/wp-json\/wp\/v2\/posts"}],"about":[{"href":"https:\/\/musicbar.cz\/cs\/wp-json\/wp\/v2\/types\/post"}],"author":[{"embeddable":true,"href":"https:\/\/musicbar.cz\/cs\/wp-json\/wp\/v2\/users\/6"}],"replies":[{"embeddable":true,"href":"https:\/\/musicbar.cz\/cs\/wp-json\/wp\/v2\/comments?post=4130"}],"version-history":[{"count":0,"href":"https:\/\/musicbar.cz\/cs\/wp-json\/wp\/v2\/posts\/4130\/revisions"}],"wp:attachment":[{"href":"https:\/\/musicbar.cz\/cs\/wp-json\/wp\/v2\/media?parent=4130"}],"wp:term":[{"taxonomy":"category","embeddable":true,"href":"https:\/\/musicbar.cz\/cs\/wp-json\/wp\/v2\/categories?post=4130"},{"taxonomy":"post_tag","embeddable":true,"href":"https:\/\/musicbar.cz\/cs\/wp-json\/wp\/v2\/tags?post=4130"}],"curies":[{"name":"wp","href":"https:\/\/api.w.org\/{rel}","templated":true}]}}