{"id":4117,"date":"2013-03-12T12:30:50","date_gmt":"2013-03-12T12:30:50","guid":{"rendered":"http:\/\/www.musicbar.cz\/?p=4117"},"modified":"2013-03-19T15:52:18","modified_gmt":"2013-03-19T15:52:18","slug":"mnaga-a-fixa-si-podaji-ruce-hned-dva-vecery-po-sobe","status":"publish","type":"post","link":"https:\/\/musicbar.cz\/cs\/novinky\/mnaga-a-fixa-si-podaji-ruce-hned-dva-vecery-po-sobe\/","title":{"rendered":"M\u0148\u00e1ga a fiXa si podaj\u00ed ruce hned dva ve\u010dery po sob\u011b"},"content":{"rendered":"<p><a href=\"http:\/\/www.musicbar.cz\/wp-content\/uploads\/2013\/03\/mnaga_fixa_ctverec1.jpg\"><img loading=\"lazy\" decoding=\"async\" class=\"alignleft size-thumbnail wp-image-4120\" title=\"mnaga_fixa_ctverec\" src=\"http:\/\/www.musicbar.cz\/wp-content\/uploads\/2013\/03\/mnaga_fixa_ctverec1-150x150.jpg\" alt=\"\" width=\"170\" height=\"170\" \/><\/a>St\u00e1lice \u010desk\u00e9 klubov\u00e9 sc\u00e9ny kapely <strong>M\u0148\u00e1ga a \u017d\u010forp a Vypsan\u00e1 fiXa<\/strong> zah\u00e1jily o v\u00edkendu spole\u010dnou klubovou \u0161\u0148\u016fru s n\u00e1zvem TUGEDR T\u016eR. Ji\u017e tento t\u00fdden doraz\u00ed jejich rozs\u00e1hl\u00e1 v\u00fdprava do pra\u017esk\u00e9ho Lucerna Music Baru. Fanou\u0161ci obou kapel si budou moci u\u017e\u00edt jedine\u010dn\u00e9 dvojkoncerty hned dvakr\u00e1t \u2013 <strong>ve st\u0159edu 13. b\u0159ezna a ve \u010dtvrtek 14. b\u0159ezna.<\/strong> Na co se mohou n\u00e1v\u0161t\u011bvn\u00edci koncert\u016f v Lucerna Music Baru t\u011b\u0161it? \u201ePo\u0159ad\u00ed se na turn\u00e9 pravideln\u011b st\u0159\u00edd\u00e1 &#8211; prvn\u00ed kapela hraje hodinu a \u010dtvrt. Pak nastoup\u00ed druh\u00e1 a v\u011bt\u0161inou hraje je\u0161t\u011b o n\u011bco d\u00e9le, proto\u017ee lidi u\u017e jsou dob\u0159e na\u017ehaven\u00ed a jen tak tu druhou z p\u00f3dia nepust\u00ed\u201c, popisuje<!--more--> pr\u016fb\u011bh spole\u010dn\u00fdch koncert\u016f zp\u011bv\u00e1k fiXy M\u00e1rdi. Ob\u011b kapely si u\u017e spole\u010dn\u00e9 koncerty nane\u010disto vyzkou\u0161ely. \u201eV\u0161echno odstartoval pra\u017esk\u00fd koncert s M\u0148\u00e1gou v pivovaru Staropramen, kde jsme hr\u00e1li jejich p\u00edsn\u011b, oni na\u0161e. Nakonec jsme hr\u00e1li v\u0161ichni dohromady. Bylo to velice osv\u011b\u017euj\u00edc\u00ed a vtipn\u00e9\u201c, popisuje M\u00e1rdi cestu ke spole\u010dn\u00fdm koncert\u016fm. <\/p>\n<p>Ob\u011b kapely se pohybuj\u00ed na \u010desk\u00e9 rockov\u00e9 sc\u00e9n\u011b u\u017e p\u011bknou \u0159\u00e1dku let. M\u0148\u00e1ga oslavila loni 25. narozeniny dv\u011bma alby coververz\u00ed D\u00e1re\u010dek 1 a 2, best of albem V\u00fdhledov\u011b a velk\u00fdm turn\u00e9, kter\u00e9 vyvrcholilo po st\u0159echu zapln\u011bnou Velkou Lucernou. Vypsan\u00e1 fiXa pl\u00e1nuje na p\u0159\u00ed\u0161t\u00ed rok velk\u00e9 oslavy kulat\u00fdch narozenin, kter\u00e9 dle M\u00e1rdiho oslav\u00ed vyd\u00e1n\u00edm nov\u00e9 desky a chystaj\u00ed mnoh\u00e9 dal\u0161\u00ed -prozat\u00edm tajn\u00e9 &#8211; bonusy a akce.<\/p>\n<p>A jak to asi tak m\u016f\u017ee v Lucerna Music Baru vypadat? Pod\u00edvat se m\u016f\u017eete na live video z prvn\u00edch koncert\u016f spole\u010dn\u00e9ho turn\u00e9:<br \/>\n<iframe loading=\"lazy\" src=\"http:\/\/www.youtube.com\/embed\/Zbw_88tk8sY\" frameborder=\"0\" width=\"560\" height=\"315\"><\/iframe><\/p>","protected":false},"excerpt":{"rendered":"<p>St\u00e1lice \u010desk\u00e9 klubov\u00e9 sc\u00e9ny kapely M\u0148\u00e1ga a \u017d\u010forp a Vypsan\u00e1 fiXa zah\u00e1jily o v\u00edkendu spole\u010dnou klubovou \u0161\u0148\u016fru s n\u00e1zvem TUGEDR T\u016eR. Ji\u017e tento t\u00fdden doraz\u00ed jejich rozs\u00e1hl\u00e1 v\u00fdprava do pra\u017esk\u00e9ho Lucerna Music Baru. Fanou\u0161ci obou kapel si budou moci u\u017e\u00edt jedine\u010dn\u00e9 dvojkoncerty hned dvakr\u00e1t \u2013 ve st\u0159edu 13. b\u0159ezna a ve \u010dtvrtek 14. b\u0159ezna. Na [&hellip;]<\/p>\n","protected":false},"author":6,"featured_media":0,"comment_status":"closed","ping_status":"closed","sticky":false,"template":"","format":"standard","meta":{"_acf_changed":false,"footnotes":""},"categories":[404],"tags":[],"class_list":["post-4117","post","type-post","status-publish","format-standard","hentry","category-novinky"],"acf":[],"_links":{"self":[{"href":"https:\/\/musicbar.cz\/cs\/wp-json\/wp\/v2\/posts\/4117","targetHints":{"allow":["GET"]}}],"collection":[{"href":"https:\/\/musicbar.cz\/cs\/wp-json\/wp\/v2\/posts"}],"about":[{"href":"https:\/\/musicbar.cz\/cs\/wp-json\/wp\/v2\/types\/post"}],"author":[{"embeddable":true,"href":"https:\/\/musicbar.cz\/cs\/wp-json\/wp\/v2\/users\/6"}],"replies":[{"embeddable":true,"href":"https:\/\/musicbar.cz\/cs\/wp-json\/wp\/v2\/comments?post=4117"}],"version-history":[{"count":0,"href":"https:\/\/musicbar.cz\/cs\/wp-json\/wp\/v2\/posts\/4117\/revisions"}],"wp:attachment":[{"href":"https:\/\/musicbar.cz\/cs\/wp-json\/wp\/v2\/media?parent=4117"}],"wp:term":[{"taxonomy":"category","embeddable":true,"href":"https:\/\/musicbar.cz\/cs\/wp-json\/wp\/v2\/categories?post=4117"},{"taxonomy":"post_tag","embeddable":true,"href":"https:\/\/musicbar.cz\/cs\/wp-json\/wp\/v2\/tags?post=4117"}],"curies":[{"name":"wp","href":"https:\/\/api.w.org\/{rel}","templated":true}]}}