{"id":41137,"date":"2024-07-15T14:29:23","date_gmt":"2024-07-15T12:29:23","guid":{"rendered":"https:\/\/musicbar.cz\/?p=41137"},"modified":"2025-03-19T15:19:38","modified_gmt":"2025-03-19T13:19:38","slug":"fleret","status":"publish","type":"post","link":"https:\/\/musicbar.cz\/cs\/program\/fleret\/","title":{"rendered":"Fleret + host\u00e9"},"content":{"rendered":"<p>Line up: 17:00 doors | 18:05 Ag Flek | 18:55 Jindra Kejak | 19:45 Fleret<\/p>\n<p>Fleret op\u011bt slav\u00ed a m\u00e1 k tomu po\u0159\u00e1dn\u00fd d\u016fvod. V roce 2025 uplyne 30 let od vyd\u00e1n\u00ed desky Zaf\u00fakan\u00e9.<\/p>\n<p>V roce 1995 u vydavatelstv\u00ed Tonus vych\u00e1z\u00ed v po\u0159ad\u00ed t\u0159et\u00ed deska Fleretu, kter\u00e1 nese n\u00e1zev Zaf\u00fakan\u00e9. (Poutav\u00fd obal namaloval Fechtner, kresl\u00ed\u0159 z Trnek brnek). Je pestr\u00e1, r\u016fznorod\u00e1, prorostl\u00e1 vala\u0161sk\u00fdmi folkl\u00f3rn\u00edmi ko\u0159eny a p\u0159itom neztr\u00e1c\u00ed nic na sv\u00e9 tvrdosti. Samoz\u0159ejm\u011b obsahuje megahit a jednozna\u010dn\u011b nejhran\u011bj\u0161\u00ed v\u011bc kapely \u2013 p\u00edsni\u010dku Zaf\u00fakan\u00e9, kter\u00e1 brzy dominuje v nejedn\u00e9 r\u00e1diov\u00e9 hitpar\u00e1d\u011b, a fanou\u0161ci si bez n\u00ed dodnes nedovedou p\u0159edstavit jedin\u00fd koncert. Zdaleka to ale nen\u00ed na desce hit jedin\u00fd, co\u017e potvrzuje i dal\u0161\u00ed velmi hran\u00e1 pecka \u010cist\u00e1 jak Vizovice a dal\u0161\u00ed. Zaj\u00edmavost\u00ed tak\u00e9 je, \u017ee si na toto CD poprv\u00e9 kapela p\u0159izvala ke spolupr\u00e1ci Jarmilu \u0160ul\u00e1kovou k nazp\u00edv\u00e1n\u00ed p\u00edsn\u011b \u201eDoma najlep\u0161\u00ed\u201c a spolupr\u00e1ce se tak zal\u00edbila, \u017ee Jarmilka s Fleretem zp\u00edvala dal\u0161\u00edch 17 let.<\/p>\n<p>Se\u010dteno podtr\u017eeno \u2013 z dne\u0161n\u00edho pohledu je Zaf\u00fakan\u00e9 deska, kter\u00e1 se stala pro Fleret z\u00e1sadn\u00ed a velmi pos\u00edlila jeho popularitu. A to u\u017e si zaslou\u017e\u00ed po\u0159\u00e1dnou oslavu, proto se Fleret rozhodl uspo\u0159\u00e1dat dva narozeninov\u00e9 koncerty. Jeden z nich se bude konat v Lucerna Music Baru.<\/p>\n<p>Fleret si k sob\u011b p\u0159izval jak p\u00edsni\u010dk\u00e1\u0159e Jindru Kejaka, autora nem\u00e9n\u011b slavn\u00e9 p\u00edsn\u011b Vizovice, tak zl\u00ednskou legendu AG Flek, se kter\u00fdmi ho poj\u00ed velk\u00e9 p\u0159\u00e1telstv\u00ed z folkov\u00fdch za\u010d\u00e1tk\u016f. Kapela AG Flek vznikla v roce 1977 s pro\u0161li tudy muzikanti zvu\u010dn\u00fdch jmen jako Vlasta Redl, kluci z nyn\u011bj\u0161\u00ed kapely Buty, Radek Pastr\u0148\u00e1k, Richard Kro\u010dek a Milan Nitra. Zn\u00e1m\u00e1 je tak\u00e9 spolupr\u00e1ce AG Fleku s Hradi\u0161\u0165anem, kdy vzniklo slavn\u00e9 a kultovn\u00ed CD.<\/p>","protected":false},"excerpt":{"rendered":"<p>Line up: 17:00 doors | 18:05 Ag Flek | 18:55 Jindra Kejak | 19:45 Fleret Fleret op\u011bt slav\u00ed a m\u00e1 k tomu po\u0159\u00e1dn\u00fd d\u016fvod. V roce 2025 uplyne 30 let od vyd\u00e1n\u00ed desky Zaf\u00fakan\u00e9. V roce 1995 u vydavatelstv\u00ed Tonus vych\u00e1z\u00ed v po\u0159ad\u00ed t\u0159et\u00ed deska Fleretu, kter\u00e1 nese n\u00e1zev Zaf\u00fakan\u00e9. (Poutav\u00fd obal namaloval Fechtner, kresl\u00ed\u0159 [&hellip;]<\/p>\n","protected":false},"author":16,"featured_media":0,"comment_status":"closed","ping_status":"closed","sticky":false,"template":"","format":"standard","meta":{"_acf_changed":false,"footnotes":""},"categories":[405],"tags":[],"class_list":["post-41137","post","type-post","status-publish","format-standard","hentry","category-program"],"acf":[],"_links":{"self":[{"href":"https:\/\/musicbar.cz\/cs\/wp-json\/wp\/v2\/posts\/41137","targetHints":{"allow":["GET"]}}],"collection":[{"href":"https:\/\/musicbar.cz\/cs\/wp-json\/wp\/v2\/posts"}],"about":[{"href":"https:\/\/musicbar.cz\/cs\/wp-json\/wp\/v2\/types\/post"}],"author":[{"embeddable":true,"href":"https:\/\/musicbar.cz\/cs\/wp-json\/wp\/v2\/users\/16"}],"replies":[{"embeddable":true,"href":"https:\/\/musicbar.cz\/cs\/wp-json\/wp\/v2\/comments?post=41137"}],"version-history":[{"count":10,"href":"https:\/\/musicbar.cz\/cs\/wp-json\/wp\/v2\/posts\/41137\/revisions"}],"predecessor-version":[{"id":43487,"href":"https:\/\/musicbar.cz\/cs\/wp-json\/wp\/v2\/posts\/41137\/revisions\/43487"}],"wp:attachment":[{"href":"https:\/\/musicbar.cz\/cs\/wp-json\/wp\/v2\/media?parent=41137"}],"wp:term":[{"taxonomy":"category","embeddable":true,"href":"https:\/\/musicbar.cz\/cs\/wp-json\/wp\/v2\/categories?post=41137"},{"taxonomy":"post_tag","embeddable":true,"href":"https:\/\/musicbar.cz\/cs\/wp-json\/wp\/v2\/tags?post=41137"}],"curies":[{"name":"wp","href":"https:\/\/api.w.org\/{rel}","templated":true}]}}