{"id":39616,"date":"2023-12-28T19:51:26","date_gmt":"2023-12-28T17:51:26","guid":{"rendered":"https:\/\/musicbar.cz\/?p=39616"},"modified":"2024-01-15T18:23:14","modified_gmt":"2024-01-15T16:23:14","slug":"tribute-elvisovi-a-nirvane-se-predstavi-v-lucerna-music-baru","status":"publish","type":"post","link":"https:\/\/musicbar.cz\/cs\/novinky\/tribute-elvisovi-a-nirvane-se-predstavi-v-lucerna-music-baru\/","title":{"rendered":"Nenechte si uj\u00edt jedine\u010dn\u00fd tribute Elvisovi a Nirvan\u011b"},"content":{"rendered":"<p>Spojovat Elvise Presleyho s\u00a0Nirvanou by asi jen tak n\u011bkoho nenapadlo. N\u011bkoho to ale napadlo a vznikl projekt s\u00a0n\u00e1zvem Elvana, kter\u00fd ukazuje, jak by to vypadalo, kdyby byl frontmanem grungeov\u00e9 kapely kr\u00e1l rock\u2019n\u2019rollu. A slav\u00ed to \u00fasp\u011bch. Elvana vyprod\u00e1v\u00e1 kluby v\u00a0Anglii i N\u011bmecku a vyd\u00e1v\u00e1 se d\u00e1l do Evropy. 14.\u00a0ledna 2024 se p\u0159edstav\u00ed v\u00a0Lucerna Music Baru.<\/p>\n<p>Britsk\u00fd hudebn\u00ed t\u00fdden\u00edk Kerrang! projekt Elvana ozna\u010dil za nejlep\u0161\u00ed tribute Nirvan\u011b, podle den\u00edku The Guardian je to p\u0159ekvapiv\u011b skvostn\u00e9 a podle hudebn\u00edho magaz\u00ednu NME dokonce absolutn\u011b epick\u00e9. Elvis Presley i Nirvana pat\u0159\u00ed k\u00a0ikon\u00e1m sv\u00e9 doby a sv\u00fdch \u017e\u00e1nr\u016f a rozhodn\u011b si pocty zaslou\u017e\u00ed. Je sice p\u0159ekvapiv\u00e9, \u017ee se n\u011bkdo rozhodl vzd\u00e1t jim hold v\u00a0jednom projektu, ale na druhou stranu pro\u010d ne.<\/p>\n<p>Odv\u00e1\u017en\u00e9 kombinace si na hudebn\u00ed sc\u00e9n\u011b v\u017edycky najdou sv\u00e9 publikum a projekt Elvana si ho rozhodn\u011b na\u0161el. Dokazuj\u00ed to vyprodan\u00e9 kluby a taky to, \u017ee se kapela vyd\u00e1v\u00e1 na turn\u00e9 po Evrop\u011b. Nenechte si tuhle jedine\u010dnou show uj\u00edt!<\/p>","protected":false},"excerpt":{"rendered":"<p>Spojovat Elvise Presleyho s\u00a0Nirvanou by asi jen tak n\u011bkoho nenapadlo. N\u011bkoho to ale napadlo a vznikl projekt s\u00a0n\u00e1zvem Elvana, kter\u00fd ukazuje, jak by to vypadalo, kdyby byl frontmanem grungeov\u00e9 kapely kr\u00e1l rock\u2019n\u2019rollu. A slav\u00ed to \u00fasp\u011bch. Elvana vyprod\u00e1v\u00e1 kluby v\u00a0Anglii i N\u011bmecku a vyd\u00e1v\u00e1 se d\u00e1l do Evropy. 14.\u00a0ledna 2024 se p\u0159edstav\u00ed v\u00a0Lucerna Music Baru. [&hellip;]<\/p>\n","protected":false},"author":16,"featured_media":0,"comment_status":"closed","ping_status":"closed","sticky":false,"template":"","format":"standard","meta":{"_acf_changed":false,"footnotes":""},"categories":[404],"tags":[],"class_list":["post-39616","post","type-post","status-publish","format-standard","hentry","category-novinky"],"acf":[],"_links":{"self":[{"href":"https:\/\/musicbar.cz\/cs\/wp-json\/wp\/v2\/posts\/39616","targetHints":{"allow":["GET"]}}],"collection":[{"href":"https:\/\/musicbar.cz\/cs\/wp-json\/wp\/v2\/posts"}],"about":[{"href":"https:\/\/musicbar.cz\/cs\/wp-json\/wp\/v2\/types\/post"}],"author":[{"embeddable":true,"href":"https:\/\/musicbar.cz\/cs\/wp-json\/wp\/v2\/users\/16"}],"replies":[{"embeddable":true,"href":"https:\/\/musicbar.cz\/cs\/wp-json\/wp\/v2\/comments?post=39616"}],"version-history":[{"count":5,"href":"https:\/\/musicbar.cz\/cs\/wp-json\/wp\/v2\/posts\/39616\/revisions"}],"predecessor-version":[{"id":39928,"href":"https:\/\/musicbar.cz\/cs\/wp-json\/wp\/v2\/posts\/39616\/revisions\/39928"}],"wp:attachment":[{"href":"https:\/\/musicbar.cz\/cs\/wp-json\/wp\/v2\/media?parent=39616"}],"wp:term":[{"taxonomy":"category","embeddable":true,"href":"https:\/\/musicbar.cz\/cs\/wp-json\/wp\/v2\/categories?post=39616"},{"taxonomy":"post_tag","embeddable":true,"href":"https:\/\/musicbar.cz\/cs\/wp-json\/wp\/v2\/tags?post=39616"}],"curies":[{"name":"wp","href":"https:\/\/api.w.org\/{rel}","templated":true}]}}