{"id":39571,"date":"2023-12-14T18:29:32","date_gmt":"2023-12-14T16:29:32","guid":{"rendered":"https:\/\/musicbar.cz\/?p=39571"},"modified":"2023-12-21T14:31:58","modified_gmt":"2023-12-21T12:31:58","slug":"mydy-rozbali-v-lucerna-music-baru-svuj-glamtronic","status":"publish","type":"post","link":"https:\/\/musicbar.cz\/cs\/novinky\/mydy-rozbali-v-lucerna-music-baru-svuj-glamtronic\/","title":{"rendered":"MYDY rozbal\u00ed sv\u016fj glamtronic b\u011bhem v\u00e1no\u010dn\u00edho koncertu"},"content":{"rendered":"<p>Electroswingov\u00ed a glamtronicov\u00ed MYDY se vrac\u00ed do Lucerna Music Baru a tentokr\u00e1t to bude t\u00e9m\u011b\u0159 v\u00e1no\u010dn\u00ed koncert! Kapela sama se moc t\u011b\u0161\u00ed a fanou\u0161k\u016fm vzkazuje:<br \/>\n&#8222;Myl\u00e1\u010dkov\u00e9, kone\u010dn\u011b obnovujeme tradici sv\u00fdch ka\u017edoro\u010dn\u00edch zimn\u00edch koncert\u016f a tentokr\u00e1t p\u016fjde o mejdan t\u00e9m\u011b\u0159 v\u00e1no\u010dn\u00ed! V\u017edycky jsme si p\u0159\u00e1li m\u00edt sv\u016fj v\u00e1no\u010dn\u00ed koncert \u2013 lidi maj v tu dobu prost\u011b sv\u016fj speci\u00e1ln\u00ed vibe. No a te\u010f se to kone\u010dn\u011b povedlo. Tedy 20. prosince v\u00e1m s MYDY zahrajeme v na\u0161em milovanym Lucerna Music Baru tane\u010dn\u00ed set, plnej nov\u00fd i star\u00fd energie!<br \/>\nTohle bolav\u00fdm zbytkem t\u00fddne smr- co? D\u00ed!<br \/>\nT\u011b\u0161\u00edme se moc! Ahuuuj! \u2764\ufe0f Va\u0161i MYDY&#8220;<\/p>\n<p>Nenechte si tento pozitivn\u00ed energi\u00ed nabit\u00fd ve\u010der uj\u00edt!<\/p>","protected":false},"excerpt":{"rendered":"<p>Electroswingov\u00ed a glamtronicov\u00ed MYDY se vrac\u00ed do Lucerna Music Baru a tentokr\u00e1t to bude t\u00e9m\u011b\u0159 v\u00e1no\u010dn\u00ed koncert! Kapela sama se moc t\u011b\u0161\u00ed a fanou\u0161k\u016fm vzkazuje: &#8222;Myl\u00e1\u010dkov\u00e9, kone\u010dn\u011b obnovujeme tradici sv\u00fdch ka\u017edoro\u010dn\u00edch zimn\u00edch koncert\u016f a tentokr\u00e1t p\u016fjde o mejdan t\u00e9m\u011b\u0159 v\u00e1no\u010dn\u00ed! V\u017edycky jsme si p\u0159\u00e1li m\u00edt sv\u016fj v\u00e1no\u010dn\u00ed koncert \u2013 lidi maj v tu dobu prost\u011b [&hellip;]<\/p>\n","protected":false},"author":16,"featured_media":0,"comment_status":"closed","ping_status":"closed","sticky":false,"template":"","format":"standard","meta":{"_acf_changed":false,"footnotes":""},"categories":[404],"tags":[],"class_list":["post-39571","post","type-post","status-publish","format-standard","hentry","category-novinky"],"acf":[],"_links":{"self":[{"href":"https:\/\/musicbar.cz\/cs\/wp-json\/wp\/v2\/posts\/39571","targetHints":{"allow":["GET"]}}],"collection":[{"href":"https:\/\/musicbar.cz\/cs\/wp-json\/wp\/v2\/posts"}],"about":[{"href":"https:\/\/musicbar.cz\/cs\/wp-json\/wp\/v2\/types\/post"}],"author":[{"embeddable":true,"href":"https:\/\/musicbar.cz\/cs\/wp-json\/wp\/v2\/users\/16"}],"replies":[{"embeddable":true,"href":"https:\/\/musicbar.cz\/cs\/wp-json\/wp\/v2\/comments?post=39571"}],"version-history":[{"count":3,"href":"https:\/\/musicbar.cz\/cs\/wp-json\/wp\/v2\/posts\/39571\/revisions"}],"predecessor-version":[{"id":39744,"href":"https:\/\/musicbar.cz\/cs\/wp-json\/wp\/v2\/posts\/39571\/revisions\/39744"}],"wp:attachment":[{"href":"https:\/\/musicbar.cz\/cs\/wp-json\/wp\/v2\/media?parent=39571"}],"wp:term":[{"taxonomy":"category","embeddable":true,"href":"https:\/\/musicbar.cz\/cs\/wp-json\/wp\/v2\/categories?post=39571"},{"taxonomy":"post_tag","embeddable":true,"href":"https:\/\/musicbar.cz\/cs\/wp-json\/wp\/v2\/tags?post=39571"}],"curies":[{"name":"wp","href":"https:\/\/api.w.org\/{rel}","templated":true}]}}