{"id":39505,"date":"2023-12-05T17:04:30","date_gmt":"2023-12-05T15:04:30","guid":{"rendered":"https:\/\/musicbar.cz\/?p=39505"},"modified":"2023-12-05T17:07:49","modified_gmt":"2023-12-05T15:07:49","slug":"karel-zije-dal","status":"publish","type":"post","link":"https:\/\/musicbar.cz\/cs\/program\/karel-zije-dal\/","title":{"rendered":"Karel \u017eije d\u00e1l"},"content":{"rendered":"<p>K\u00a0uct\u011bn\u00ed pam\u00e1tky b\u00fdval\u00e9ho m\u00edstop\u0159edsedy vl\u00e1dy a ministra zahrani\u010d\u00ed Karla Schwarzenberga se v\u00a0sobotu, 9. prosince, uskute\u010dn\u00ed v\u00a0pra\u017esk\u00e9m Pal\u00e1ci Lucerna od 16:00 hodin ud\u00e1lost \u201eKarel \u017eije d\u00e1l\u201c. V Lucerna Music Baru zahraj\u00ed nap\u0159\u00edklad kapely Terrible 2s, Garage a Tony Duch\u00e1\u010dek, Monika Na\u010deva, Michal Koval, Hor\u0148\u00e1ck\u00e1 muzika Petra Mi\u010dky, James Harries, Tornado Lue, Karpatsk\u00e9 Chrb\u00e1ty nebo U\u017e jsme doma. Vstup do klubu je mo\u017en\u00fd pouze s rezervac\u00ed. V\u00edce informac\u00ed najdete <a href=\"http:\/\/www.karelzijedal.cz\" rel=\"noopener\" target=\"_blank\">tady<\/a>.<\/p>","protected":false},"excerpt":{"rendered":"<p>K\u00a0uct\u011bn\u00ed pam\u00e1tky b\u00fdval\u00e9ho m\u00edstop\u0159edsedy vl\u00e1dy a ministra zahrani\u010d\u00ed Karla Schwarzenberga se v\u00a0sobotu, 9. prosince, uskute\u010dn\u00ed v\u00a0pra\u017esk\u00e9m Pal\u00e1ci Lucerna od 16:00 hodin ud\u00e1lost \u201eKarel \u017eije d\u00e1l\u201c. V Lucerna Music Baru zahraj\u00ed nap\u0159\u00edklad kapely Terrible 2s, Garage a Tony Duch\u00e1\u010dek, Monika Na\u010deva, Michal Koval, Hor\u0148\u00e1ck\u00e1 muzika Petra Mi\u010dky, James Harries, Tornado Lue, Karpatsk\u00e9 Chrb\u00e1ty nebo U\u017e jsme [&hellip;]<\/p>\n","protected":false},"author":16,"featured_media":0,"comment_status":"closed","ping_status":"closed","sticky":false,"template":"","format":"standard","meta":{"_acf_changed":false,"footnotes":""},"categories":[405],"tags":[],"class_list":["post-39505","post","type-post","status-publish","format-standard","hentry","category-program"],"acf":[],"_links":{"self":[{"href":"https:\/\/musicbar.cz\/cs\/wp-json\/wp\/v2\/posts\/39505","targetHints":{"allow":["GET"]}}],"collection":[{"href":"https:\/\/musicbar.cz\/cs\/wp-json\/wp\/v2\/posts"}],"about":[{"href":"https:\/\/musicbar.cz\/cs\/wp-json\/wp\/v2\/types\/post"}],"author":[{"embeddable":true,"href":"https:\/\/musicbar.cz\/cs\/wp-json\/wp\/v2\/users\/16"}],"replies":[{"embeddable":true,"href":"https:\/\/musicbar.cz\/cs\/wp-json\/wp\/v2\/comments?post=39505"}],"version-history":[{"count":7,"href":"https:\/\/musicbar.cz\/cs\/wp-json\/wp\/v2\/posts\/39505\/revisions"}],"predecessor-version":[{"id":39513,"href":"https:\/\/musicbar.cz\/cs\/wp-json\/wp\/v2\/posts\/39505\/revisions\/39513"}],"wp:attachment":[{"href":"https:\/\/musicbar.cz\/cs\/wp-json\/wp\/v2\/media?parent=39505"}],"wp:term":[{"taxonomy":"category","embeddable":true,"href":"https:\/\/musicbar.cz\/cs\/wp-json\/wp\/v2\/categories?post=39505"},{"taxonomy":"post_tag","embeddable":true,"href":"https:\/\/musicbar.cz\/cs\/wp-json\/wp\/v2\/tags?post=39505"}],"curies":[{"name":"wp","href":"https:\/\/api.w.org\/{rel}","templated":true}]}}