{"id":39472,"date":"2023-12-07T13:03:30","date_gmt":"2023-12-07T11:03:30","guid":{"rendered":"https:\/\/musicbar.cz\/?p=39472"},"modified":"2023-12-11T20:08:25","modified_gmt":"2023-12-11T18:08:25","slug":"legendarni-skladby-blue-effectu-pripomenou-odkaz-radima-hladika","status":"publish","type":"post","link":"https:\/\/musicbar.cz\/cs\/novinky\/legendarni-skladby-blue-effectu-pripomenou-odkaz-radima-hladika\/","title":{"rendered":"Legend\u00e1rn\u00ed skladby Blue Effectu p\u0159ipomenou odkaz Radima Hlad\u00edka"},"content":{"rendered":"<p>Legend\u00e1rn\u00ed skladby kapely Blue Effect ze dvou kultovn\u00edch alb Nov\u00e1 synt\u00e9za 1 a 2 znovu o\u017eij\u00ed 11. prosince v Lucerna Music Baru, kde je p\u0159ehraje Blue Effect Tribute, s p\u016fvodn\u00edmi \u010dleny skupiny Vojt\u011bchem \u0158\u00edhou a V\u00e1clavem Zimou, a vynikaj\u00edc\u00ed chrudimsk\u00fd Kyx Orchestra. Ob\u011b uskupen\u00ed p\u00edsn\u011b Blue Effectu u\u017e v roce 2015 nacvi\u010dili je\u0161t\u011b s Radimem Hlad\u00edkem. B\u011bhem ve\u010dera se p\u0159edstav\u00ed host\u00e9 \u2013 kytarist\u00e9 Adam Krofian a Roman Helcl a zp\u011bv\u00e1ci Pavel Bohat\u00fd, Iva Mare\u0161ov\u00e1, Tom\u00e1\u0161 Fr\u00f6de \u010di Yannick Tevi ze skupiny Vanua2. Koncert zah\u00e1j\u00ed zp\u011bv\u00e1k Viktor Sodoma s programem kapely Matadors. Vydavatelstv\u00ed Supraphon nav\u00edc vyd\u00e1v\u00e1 v reedici zremasterovan\u00e9 album 33, kter\u00e9 pok\u0159t\u00ed z\u00e1stupci Radima Hlad\u00edka. Nenechte si tuto jedine\u010dnou hudebn\u00ed ud\u00e1lost!<\/p>","protected":false},"excerpt":{"rendered":"<p>Legend\u00e1rn\u00ed skladby kapely Blue Effect ze dvou kultovn\u00edch alb Nov\u00e1 synt\u00e9za 1 a 2 znovu o\u017eij\u00ed 11. prosince v Lucerna Music Baru, kde je p\u0159ehraje Blue Effect Tribute, s p\u016fvodn\u00edmi \u010dleny skupiny Vojt\u011bchem \u0158\u00edhou a V\u00e1clavem Zimou, a vynikaj\u00edc\u00ed chrudimsk\u00fd Kyx Orchestra. Ob\u011b uskupen\u00ed p\u00edsn\u011b Blue Effectu u\u017e v roce 2015 nacvi\u010dili je\u0161t\u011b s Radimem [&hellip;]<\/p>\n","protected":false},"author":16,"featured_media":0,"comment_status":"closed","ping_status":"closed","sticky":false,"template":"","format":"standard","meta":{"_acf_changed":false,"footnotes":""},"categories":[404],"tags":[],"class_list":["post-39472","post","type-post","status-publish","format-standard","hentry","category-novinky"],"acf":[],"_links":{"self":[{"href":"https:\/\/musicbar.cz\/cs\/wp-json\/wp\/v2\/posts\/39472","targetHints":{"allow":["GET"]}}],"collection":[{"href":"https:\/\/musicbar.cz\/cs\/wp-json\/wp\/v2\/posts"}],"about":[{"href":"https:\/\/musicbar.cz\/cs\/wp-json\/wp\/v2\/types\/post"}],"author":[{"embeddable":true,"href":"https:\/\/musicbar.cz\/cs\/wp-json\/wp\/v2\/users\/16"}],"replies":[{"embeddable":true,"href":"https:\/\/musicbar.cz\/cs\/wp-json\/wp\/v2\/comments?post=39472"}],"version-history":[{"count":5,"href":"https:\/\/musicbar.cz\/cs\/wp-json\/wp\/v2\/posts\/39472\/revisions"}],"predecessor-version":[{"id":39568,"href":"https:\/\/musicbar.cz\/cs\/wp-json\/wp\/v2\/posts\/39472\/revisions\/39568"}],"wp:attachment":[{"href":"https:\/\/musicbar.cz\/cs\/wp-json\/wp\/v2\/media?parent=39472"}],"wp:term":[{"taxonomy":"category","embeddable":true,"href":"https:\/\/musicbar.cz\/cs\/wp-json\/wp\/v2\/categories?post=39472"},{"taxonomy":"post_tag","embeddable":true,"href":"https:\/\/musicbar.cz\/cs\/wp-json\/wp\/v2\/tags?post=39472"}],"curies":[{"name":"wp","href":"https:\/\/api.w.org\/{rel}","templated":true}]}}