{"id":3886,"date":"2013-01-17T14:43:12","date_gmt":"2013-01-17T14:43:12","guid":{"rendered":"http:\/\/www.musicbar.cz\/?p=3886"},"modified":"2013-01-17T15:29:00","modified_gmt":"2013-01-17T15:29:00","slug":"3886","status":"publish","type":"post","link":"https:\/\/musicbar.cz\/cs\/novinky\/3886\/","title":{"rendered":"Ned\u011bln\u00ed Noc s Karlem u n\u00e1s podpo\u0159\u00ed kapely Olympic, The Colorblinds a Schodi\u0161t\u011b!"},"content":{"rendered":"<p><\/p>\n<div id=\"id_50f8088f8d5905d17170459\">\n<p><a href=\"http:\/\/www.musicbar.cz\/wp-content\/uploads\/2013\/01\/noc_s_karlem_.jpg\"><img loading=\"lazy\" decoding=\"async\" class=\"alignleft size-full wp-image-3884\" title=\"noc_s_karlem_square\" src=\"http:\/\/www.musicbar.cz\/wp-content\/uploads\/2013\/01\/noc_s_karlem_square.jpg\" alt=\"\" width=\"170\" height=\"170\" srcset=\"https:\/\/storage.googleapis.com\/goout-wordpress-uploads\/musicbarcz\/2013\/01\/noc_s_karlem_square.jpg 170w, https:\/\/storage.googleapis.com\/goout-wordpress-uploads\/musicbarcz\/2013\/01\/noc_s_karlem_square-300x300.jpg 300w, https:\/\/storage.googleapis.com\/goout-wordpress-uploads\/musicbarcz\/2013\/01\/noc_s_karlem_square-900x900.jpg 900w\" sizes=\"auto, (max-width: 170px) 100vw, 170px\" \/><\/a>Podpora, kterou um\u011blci a zn\u00e1m\u00e9 osobnosti nap\u0159\u00ed\u010d republikou ve\u0159ejn\u011b vyslovuj\u00ed <strong>Karlu Schwarzenbergovi<\/strong> po jeho ne\u010dekan\u011b razantn\u00edm postupu do druh\u00e9ho kola historicky prvn\u00edch prezidentsk\u00fdch voleb, nab\u00edr\u00e1 na intenzit\u011b. Za slu\u0161n\u00e9ho prezidenta se bude v ned\u011bli 20. ledna koncertovat v des\u00edtk\u00e1ch klub\u016f po cel\u00e9 zemi. Hr\u00e1t se bude samoz\u0159ejm\u011b i v Lucerna Music Baru, kde vystoup\u00ed kapely <strong>Olympic, The Colorblinds<\/strong> a <strong>Schodi\u0161t\u011b<\/strong>. . Otv\u00edr\u00e1me v 19:30, prvn\u00ed kapela startuje u\u017e ve\u00a0 20:00. Vstup je zdarma!<!--more--><\/p>\n<p><object width=\"560\" height=\"315\" classid=\"clsid:d27cdb6e-ae6d-11cf-96b8-444553540000\" codebase=\"http:\/\/download.macromedia.com\/pub\/shockwave\/cabs\/flash\/swflash.cab#version=6,0,40,0\"><param name=\"allowFullScreen\" value=\"true\" \/><param name=\"allowscriptaccess\" value=\"always\" \/><param name=\"src\" value=\"http:\/\/www.youtube.com\/v\/qSux8DeIn6I?hl=cs_CZ&amp;version=3\" \/><param name=\"allowfullscreen\" value=\"true\" \/><embed width=\"560\" height=\"315\" type=\"application\/x-shockwave-flash\" src=\"http:\/\/www.youtube.com\/v\/qSux8DeIn6I?hl=cs_CZ&amp;version=3\" allowFullScreen=\"true\" allowscriptaccess=\"always\" allowfullscreen=\"true\" \/><\/object><\/p>\n<p><object width=\"560\" height=\"315\" classid=\"clsid:d27cdb6e-ae6d-11cf-96b8-444553540000\" codebase=\"http:\/\/download.macromedia.com\/pub\/shockwave\/cabs\/flash\/swflash.cab#version=6,0,40,0\"><param name=\"allowFullScreen\" value=\"true\" \/><param name=\"allowscriptaccess\" value=\"always\" \/><param name=\"src\" value=\"http:\/\/www.youtube.com\/v\/FSc5UPffjhg?hl=cs_CZ&amp;version=3\" \/><param name=\"allowfullscreen\" value=\"true\" \/><embed width=\"560\" height=\"315\" type=\"application\/x-shockwave-flash\" src=\"http:\/\/www.youtube.com\/v\/FSc5UPffjhg?hl=cs_CZ&amp;version=3\" allowFullScreen=\"true\" allowscriptaccess=\"always\" allowfullscreen=\"true\" \/><\/object><\/p>\n<\/div>\n<p><\/p>","protected":false},"excerpt":{"rendered":"<p>Podpora, kterou um\u011blci a zn\u00e1m\u00e9 osobnosti nap\u0159\u00ed\u010d republikou ve\u0159ejn\u011b vyslovuj\u00ed Karlu Schwarzenbergovi po jeho ne\u010dekan\u011b razantn\u00edm postupu do druh\u00e9ho kola historicky prvn\u00edch prezidentsk\u00fdch voleb, nab\u00edr\u00e1 na intenzit\u011b. Za slu\u0161n\u00e9ho prezidenta se bude v ned\u011bli 20. ledna koncertovat v des\u00edtk\u00e1ch klub\u016f po cel\u00e9 zemi. Hr\u00e1t se bude samoz\u0159ejm\u011b i v Lucerna Music Baru, kde vystoup\u00ed kapely [&hellip;]<\/p>\n","protected":false},"author":6,"featured_media":0,"comment_status":"open","ping_status":"closed","sticky":false,"template":"","format":"standard","meta":{"_acf_changed":false,"footnotes":""},"categories":[404],"tags":[],"class_list":["post-3886","post","type-post","status-publish","format-standard","hentry","category-novinky"],"acf":[],"_links":{"self":[{"href":"https:\/\/musicbar.cz\/cs\/wp-json\/wp\/v2\/posts\/3886","targetHints":{"allow":["GET"]}}],"collection":[{"href":"https:\/\/musicbar.cz\/cs\/wp-json\/wp\/v2\/posts"}],"about":[{"href":"https:\/\/musicbar.cz\/cs\/wp-json\/wp\/v2\/types\/post"}],"author":[{"embeddable":true,"href":"https:\/\/musicbar.cz\/cs\/wp-json\/wp\/v2\/users\/6"}],"replies":[{"embeddable":true,"href":"https:\/\/musicbar.cz\/cs\/wp-json\/wp\/v2\/comments?post=3886"}],"version-history":[{"count":0,"href":"https:\/\/musicbar.cz\/cs\/wp-json\/wp\/v2\/posts\/3886\/revisions"}],"wp:attachment":[{"href":"https:\/\/musicbar.cz\/cs\/wp-json\/wp\/v2\/media?parent=3886"}],"wp:term":[{"taxonomy":"category","embeddable":true,"href":"https:\/\/musicbar.cz\/cs\/wp-json\/wp\/v2\/categories?post=3886"},{"taxonomy":"post_tag","embeddable":true,"href":"https:\/\/musicbar.cz\/cs\/wp-json\/wp\/v2\/tags?post=3886"}],"curies":[{"name":"wp","href":"https:\/\/api.w.org\/{rel}","templated":true}]}}