{"id":36445,"date":"2022-12-12T16:54:43","date_gmt":"2022-12-12T14:54:43","guid":{"rendered":"https:\/\/musicbar.cz\/?p=36445"},"modified":"2023-04-04T13:12:59","modified_gmt":"2023-04-04T11:12:59","slug":"vanua2-krest-alba","status":"publish","type":"post","link":"https:\/\/musicbar.cz\/cs\/program\/vanua2-krest-alba\/","title":{"rendered":"Vanua2 &#8211; k\u0159est alba"},"content":{"rendered":"<p>Kapela Vanua2 vyd\u00e1 v b\u0159eznu 2023 dlouho o\u010dek\u00e1van\u00e9 debutov\u00e9 album. Muzikanti kolem zp\u011bv\u00e1ka Yannicka Teviho nahr\u00e1vku pok\u0159t\u00ed na sv\u00e9m dosud nejv\u011bt\u0161\u00edm samostatn\u00e9m koncert\u011b 5. dubna v Lucerna Music Baru. Sou\u010d\u00e1st\u00ed ka\u017ed\u00e9 vstupenky bude i nov\u00e9 CD. N\u00e1v\u0161t\u011bvn\u00edci tak dostanou \u0161anci odn\u00e9st si desku s podpisy i v\u011bnov\u00e1n\u00edm.<\/p>","protected":false},"excerpt":{"rendered":"<p>Kapela Vanua2 vyd\u00e1 v b\u0159eznu 2023 dlouho o\u010dek\u00e1van\u00e9 debutov\u00e9 album. Muzikanti kolem zp\u011bv\u00e1ka Yannicka Teviho nahr\u00e1vku pok\u0159t\u00ed na sv\u00e9m dosud nejv\u011bt\u0161\u00edm samostatn\u00e9m koncert\u011b 5. dubna v Lucerna Music Baru. Sou\u010d\u00e1st\u00ed ka\u017ed\u00e9 vstupenky bude i nov\u00e9 CD. N\u00e1v\u0161t\u011bvn\u00edci tak dostanou \u0161anci odn\u00e9st si desku s podpisy i v\u011bnov\u00e1n\u00edm.<\/p>\n","protected":false},"author":6,"featured_media":0,"comment_status":"closed","ping_status":"closed","sticky":false,"template":"","format":"standard","meta":{"_acf_changed":false,"footnotes":""},"categories":[405],"tags":[418,436,444],"class_list":["post-36445","post","type-post","status-publish","format-standard","hentry","category-program","tag-pop","tag-rb","tag-soul"],"acf":[],"_links":{"self":[{"href":"https:\/\/musicbar.cz\/cs\/wp-json\/wp\/v2\/posts\/36445","targetHints":{"allow":["GET"]}}],"collection":[{"href":"https:\/\/musicbar.cz\/cs\/wp-json\/wp\/v2\/posts"}],"about":[{"href":"https:\/\/musicbar.cz\/cs\/wp-json\/wp\/v2\/types\/post"}],"author":[{"embeddable":true,"href":"https:\/\/musicbar.cz\/cs\/wp-json\/wp\/v2\/users\/6"}],"replies":[{"embeddable":true,"href":"https:\/\/musicbar.cz\/cs\/wp-json\/wp\/v2\/comments?post=36445"}],"version-history":[{"count":3,"href":"https:\/\/musicbar.cz\/cs\/wp-json\/wp\/v2\/posts\/36445\/revisions"}],"predecessor-version":[{"id":37539,"href":"https:\/\/musicbar.cz\/cs\/wp-json\/wp\/v2\/posts\/36445\/revisions\/37539"}],"wp:attachment":[{"href":"https:\/\/musicbar.cz\/cs\/wp-json\/wp\/v2\/media?parent=36445"}],"wp:term":[{"taxonomy":"category","embeddable":true,"href":"https:\/\/musicbar.cz\/cs\/wp-json\/wp\/v2\/categories?post=36445"},{"taxonomy":"post_tag","embeddable":true,"href":"https:\/\/musicbar.cz\/cs\/wp-json\/wp\/v2\/tags?post=36445"}],"curies":[{"name":"wp","href":"https:\/\/api.w.org\/{rel}","templated":true}]}}