{"id":35788,"date":"2022-09-19T15:48:39","date_gmt":"2022-09-19T13:48:39","guid":{"rendered":"https:\/\/musicbar.cz\/?p=35788"},"modified":"2022-09-21T06:38:34","modified_gmt":"2022-09-21T04:38:34","slug":"jiri-stivin","status":"publish","type":"post","link":"https:\/\/musicbar.cz\/cs\/program\/jiri-stivin\/","title":{"rendered":"Ji\u0159\u00ed Stiv\u00edn &#8211; Pocta sv. Cec\u00edlii"},"content":{"rendered":"<p>Ji\u0159\u00ed Stiv\u00edn, kultovn\u00ed postava \u010desk\u00e9 jazzov\u00e9 sc\u00e9ny po\u0159\u00e1d\u00e1 ka\u017edoro\u010dn\u011b koncert Pocta sv. Cec\u00edlii, patronce hudebn\u00edk\u016f. Pro leto\u0161n\u00ed oslavu vybral Lucerna Music Bar. Inspirace barokem, klasickou i modern\u00ed hudbou trv\u00e1, ale improvizace bude na prvn\u00edm m\u00edst\u011b. Jazzov\u00e1 a funkov\u00e1 atmosf\u00e9ra s\u00e1lu p\u0159\u00edmo vyb\u00edz\u00ed k v\u00fdlet\u016fm t\u00edmto sm\u011brem. Slo\u017een\u00ed muzikant\u016f jist\u011b improvizaci podpo\u0159\u00ed a spole\u010dn\u011b oslav\u00ed vedle Cec\u00edlie i hudbu, kter\u00e1 vznik\u00e1 a\u017e p\u0159i produkci a je neopakovateln\u00e1.<\/p>\n<p>Vstupenky v prodeji v s\u00edti Ticketportal a na agharta.cz:<br \/>\nSezen\u00ed p\u0159\u00edzem\u00ed a balkon <a href=\"http:\/\/www.agharta.cz\/index.php?p=prague_jazz_festival&#038;site=agharta\" rel=\"noopener noreferrer\" target=\"_blank\">AGHARTA<\/a><\/p>\n<p>Sezen\u00ed p\u0159\u00edzem\u00ed <a href=\"https:\/\/www.ticketportal.cz\/event\/JIRI-STIVIN-Pocta-sv-Cecilii\" rel=\"noopener noreferrer\" target=\"_blank\">TICKETPORTAL<\/a><\/p>","protected":false},"excerpt":{"rendered":"<p>Ji\u0159\u00ed Stiv\u00edn, kultovn\u00ed postava \u010desk\u00e9 jazzov\u00e9 sc\u00e9ny po\u0159\u00e1d\u00e1 ka\u017edoro\u010dn\u011b koncert Pocta sv. Cec\u00edlii, patronce hudebn\u00edk\u016f. Pro leto\u0161n\u00ed oslavu vybral Lucerna Music Bar. Inspirace barokem, klasickou i modern\u00ed hudbou trv\u00e1, ale improvizace bude na prvn\u00edm m\u00edst\u011b. Jazzov\u00e1 a funkov\u00e1 atmosf\u00e9ra s\u00e1lu p\u0159\u00edmo vyb\u00edz\u00ed k v\u00fdlet\u016fm t\u00edmto sm\u011brem. Slo\u017een\u00ed muzikant\u016f jist\u011b improvizaci podpo\u0159\u00ed a spole\u010dn\u011b oslav\u00ed vedle [&hellip;]<\/p>\n","protected":false},"author":6,"featured_media":0,"comment_status":"closed","ping_status":"closed","sticky":false,"template":"","format":"standard","meta":{"_acf_changed":false,"footnotes":""},"categories":[405],"tags":[426,424],"class_list":["post-35788","post","type-post","status-publish","format-standard","hentry","category-program","tag-folk","tag-jazz"],"acf":[],"_links":{"self":[{"href":"https:\/\/musicbar.cz\/cs\/wp-json\/wp\/v2\/posts\/35788","targetHints":{"allow":["GET"]}}],"collection":[{"href":"https:\/\/musicbar.cz\/cs\/wp-json\/wp\/v2\/posts"}],"about":[{"href":"https:\/\/musicbar.cz\/cs\/wp-json\/wp\/v2\/types\/post"}],"author":[{"embeddable":true,"href":"https:\/\/musicbar.cz\/cs\/wp-json\/wp\/v2\/users\/6"}],"replies":[{"embeddable":true,"href":"https:\/\/musicbar.cz\/cs\/wp-json\/wp\/v2\/comments?post=35788"}],"version-history":[{"count":4,"href":"https:\/\/musicbar.cz\/cs\/wp-json\/wp\/v2\/posts\/35788\/revisions"}],"predecessor-version":[{"id":35821,"href":"https:\/\/musicbar.cz\/cs\/wp-json\/wp\/v2\/posts\/35788\/revisions\/35821"}],"wp:attachment":[{"href":"https:\/\/musicbar.cz\/cs\/wp-json\/wp\/v2\/media?parent=35788"}],"wp:term":[{"taxonomy":"category","embeddable":true,"href":"https:\/\/musicbar.cz\/cs\/wp-json\/wp\/v2\/categories?post=35788"},{"taxonomy":"post_tag","embeddable":true,"href":"https:\/\/musicbar.cz\/cs\/wp-json\/wp\/v2\/tags?post=35788"}],"curies":[{"name":"wp","href":"https:\/\/api.w.org\/{rel}","templated":true}]}}