{"id":34926,"date":"2022-03-12T12:11:14","date_gmt":"2022-03-12T10:11:14","guid":{"rendered":"https:\/\/musicbar.cz\/?p=34926"},"modified":"2022-03-12T12:25:56","modified_gmt":"2022-03-12T10:25:56","slug":"julian-marley-the-uprising-ja","status":"publish","type":"post","link":"https:\/\/musicbar.cz\/cs\/program\/julian-marley-the-uprising-ja\/","title":{"rendered":"Julian Marley &#038; The Uprising \/ JA"},"content":{"rendered":"<p>Do Lucerna Music Baru kone\u010dn\u011b zam\u00ed\u0159\u00ed Julian Marley se svou kapelou Uprising! S sebou si vedle vlastn\u00ed bandy muzikant\u016f p\u0159iveze i nov\u00e9 album As I Am z roku 2019, kter\u00e9 vy\u0161lo u rodinn\u00e9ho vydavatelstv\u00ed Ghetto Youths International.<\/p>\n<p>Julian se narodil v Lond\u00fdn\u011b, p\u0159esto ani jeho geny neminul hudebn\u00ed talent jeho t\u00e1ty Boba. Prvn\u00ed demo Juju nahr\u00e1l u\u017e v p\u011bti letech a postupn\u011b se nau\u010dil hr\u00e1t na v\u0161echny mo\u017en\u00e9 n\u00e1stroje od kytary, kl\u00e1ves, baskytaru i hru na bic\u00ed. A pr\u00e1v\u011b u velk\u00e9ho bubnu a u mikrofonu jsme jej mohli vid\u011bt a sly\u0161et spole\u010dn\u011b s jeho bratry na velk\u00e9m koncertu 6. \u00fanora k nedo\u017eit\u00fdm 77. narozenin\u00e1m Boba Marleyho.<\/p>\n<p>\u010cesk\u00e9 publikum se jeho koncertu do\u010dk\u00e1 ve \u010dtvrtek 11. srpna 2022. Julian Marley m\u00e1 za sebou \u010dty\u0159i velk\u00e9 alba Lion in the Morning (1996), A Time &#038; Place (2003), na Grammy nominovanou desku Awake (2009)a zat\u00edm nejnov\u011bj\u0161\u00ed As I Am (2019). Objevil se tak\u00e9 na nejr\u016fzn\u011bj\u0161\u00edch singlech a vedle kapely Uprising p\u0159\u00edle\u017eitostn\u011b vystupuje i s The Wailers. Samoz\u0159ejm\u011b nechyb\u00ed jako sou\u010d\u00e1st rodinn\u00e9ho projektu The Marley Family. Spole\u010dn\u011b se Stephenem a Damianem se tak\u00e9 v\u011bnuje produkci muziky i pro dal\u0161\u00ed um\u011blce u ji\u017e zm\u00edn\u011bn\u00e9ho rodinn\u00e9ho labelu Ghetto Youth International.<\/p>","protected":false},"excerpt":{"rendered":"<p>Do Lucerna Music Baru kone\u010dn\u011b zam\u00ed\u0159\u00ed Julian Marley se svou kapelou Uprising! S sebou si vedle vlastn\u00ed bandy muzikant\u016f p\u0159iveze i nov\u00e9 album As I Am z roku 2019, kter\u00e9 vy\u0161lo u rodinn\u00e9ho vydavatelstv\u00ed Ghetto Youths International. Julian se narodil v Lond\u00fdn\u011b, p\u0159esto ani jeho geny neminul hudebn\u00ed talent jeho t\u00e1ty Boba. Prvn\u00ed demo Juju [&hellip;]<\/p>\n","protected":false},"author":6,"featured_media":0,"comment_status":"closed","ping_status":"closed","sticky":false,"template":"","format":"standard","meta":{"_acf_changed":false,"footnotes":""},"categories":[405],"tags":[51],"class_list":["post-34926","post","type-post","status-publish","format-standard","hentry","category-program","tag-reggae"],"acf":[],"_links":{"self":[{"href":"https:\/\/musicbar.cz\/cs\/wp-json\/wp\/v2\/posts\/34926","targetHints":{"allow":["GET"]}}],"collection":[{"href":"https:\/\/musicbar.cz\/cs\/wp-json\/wp\/v2\/posts"}],"about":[{"href":"https:\/\/musicbar.cz\/cs\/wp-json\/wp\/v2\/types\/post"}],"author":[{"embeddable":true,"href":"https:\/\/musicbar.cz\/cs\/wp-json\/wp\/v2\/users\/6"}],"replies":[{"embeddable":true,"href":"https:\/\/musicbar.cz\/cs\/wp-json\/wp\/v2\/comments?post=34926"}],"version-history":[{"count":3,"href":"https:\/\/musicbar.cz\/cs\/wp-json\/wp\/v2\/posts\/34926\/revisions"}],"predecessor-version":[{"id":34930,"href":"https:\/\/musicbar.cz\/cs\/wp-json\/wp\/v2\/posts\/34926\/revisions\/34930"}],"wp:attachment":[{"href":"https:\/\/musicbar.cz\/cs\/wp-json\/wp\/v2\/media?parent=34926"}],"wp:term":[{"taxonomy":"category","embeddable":true,"href":"https:\/\/musicbar.cz\/cs\/wp-json\/wp\/v2\/categories?post=34926"},{"taxonomy":"post_tag","embeddable":true,"href":"https:\/\/musicbar.cz\/cs\/wp-json\/wp\/v2\/tags?post=34926"}],"curies":[{"name":"wp","href":"https:\/\/api.w.org\/{rel}","templated":true}]}}