{"id":33328,"date":"2021-09-08T13:52:18","date_gmt":"2021-09-08T11:52:18","guid":{"rendered":"https:\/\/musicbar.cz\/?p=33328"},"modified":"2021-11-16T10:26:46","modified_gmt":"2021-11-16T08:26:46","slug":"j-a-r-27","status":"publish","type":"post","link":"https:\/\/musicbar.cz\/cs\/program\/j-a-r-27\/","title":{"rendered":"J.A.R."},"content":{"rendered":"<p>Rok pot\u00e9, co se n\u00e1s temn\u00fd budovatel jm\u00e9nem Covid sna\u017eil zat\u00e1hnout do s\u00edt\u00ed sv\u00e9 zr\u00e1dn\u00e9 a zni\u010duj\u00edc\u00ed ironie, se J.A.R. vrac\u00ed v pln\u00e9 s\u00edle na koncertn\u00ed p\u00f3dia. Chystaj\u00ed novou desku, jsou plni el\u00e1nu, energie a zku\u0161enost\u00ed, kter\u00e9 nasb\u00edrali b\u011bhem nucen\u00e9 p\u0159est\u00e1vky a hodlaj\u00ed v\u00e1m p\u0159edv\u00e9st neskute\u010dn\u00fd n\u00e1\u0159ez pln\u00fd nefal\u0161ovan\u00e9 muzikantsk\u00e9 erudice, kreativity, v\u00fdbu\u0161n\u00fdch situac\u00ed, riff\u016f, origin\u00e1ln\u00edch text\u016f, n\u00e1dhern\u00fdch refr\u00e9n\u016f, brut\u00e1ln\u00edch rytm\u016f, ostr\u00fdch \u0161t\u011bk\u016f dech\u016f a t\u0159\u00ed frontman\u016f, kte\u0159\u00ed v\u00e1m p\u0159in\u00e1\u0161ej\u00ed sv\u00e1 ho\u0159\u00edc\u00ed srdce a\u017e pod nos. Nechte si sv\u016fj dom\u00e1c\u00ed kl\u00edde\u010dek na chvilku rozb\u00edt dopadem meteoritu zvan\u00e9ho J.A.R.<\/p>\n<p>Kapacita klubu a bezpe\u010dnostn\u00ed a hygienick\u00e1 pravidla se \u0159\u00edd\u00ed aktu\u00e1ln\u011b platn\u00fdmi pravidly stanoven\u00fdmi Ministerstvem zdravotnictv\u00ed \u010cR. Aktu\u00e1ln\u00ed pravidla najdete <a href=\"https:\/\/musicbar.cz\/cs\/novinky\/hygienicka-a-bezpecnostni-opatreni-v-lucerna-music-baru-2\/\">ZDE<\/a>.<\/p>","protected":false},"excerpt":{"rendered":"<p>Rok pot\u00e9, co se n\u00e1s temn\u00fd budovatel jm\u00e9nem Covid sna\u017eil zat\u00e1hnout do s\u00edt\u00ed sv\u00e9 zr\u00e1dn\u00e9 a zni\u010duj\u00edc\u00ed ironie, se J.A.R. vrac\u00ed v pln\u00e9 s\u00edle na koncertn\u00ed p\u00f3dia. Chystaj\u00ed novou desku, jsou plni el\u00e1nu, energie a zku\u0161enost\u00ed, kter\u00e9 nasb\u00edrali b\u011bhem nucen\u00e9 p\u0159est\u00e1vky a hodlaj\u00ed v\u00e1m p\u0159edv\u00e9st neskute\u010dn\u00fd n\u00e1\u0159ez pln\u00fd nefal\u0161ovan\u00e9 muzikantsk\u00e9 erudice, kreativity, v\u00fdbu\u0161n\u00fdch situac\u00ed, riff\u016f, [&hellip;]<\/p>\n","protected":false},"author":6,"featured_media":0,"comment_status":"closed","ping_status":"closed","sticky":false,"template":"","format":"standard","meta":{"_acf_changed":false,"footnotes":""},"categories":[405],"tags":[408,424,418],"class_list":["post-33328","post","type-post","status-publish","format-standard","hentry","category-program","tag-funk","tag-jazz","tag-pop"],"acf":[],"_links":{"self":[{"href":"https:\/\/musicbar.cz\/cs\/wp-json\/wp\/v2\/posts\/33328","targetHints":{"allow":["GET"]}}],"collection":[{"href":"https:\/\/musicbar.cz\/cs\/wp-json\/wp\/v2\/posts"}],"about":[{"href":"https:\/\/musicbar.cz\/cs\/wp-json\/wp\/v2\/types\/post"}],"author":[{"embeddable":true,"href":"https:\/\/musicbar.cz\/cs\/wp-json\/wp\/v2\/users\/6"}],"replies":[{"embeddable":true,"href":"https:\/\/musicbar.cz\/cs\/wp-json\/wp\/v2\/comments?post=33328"}],"version-history":[{"count":7,"href":"https:\/\/musicbar.cz\/cs\/wp-json\/wp\/v2\/posts\/33328\/revisions"}],"predecessor-version":[{"id":34179,"href":"https:\/\/musicbar.cz\/cs\/wp-json\/wp\/v2\/posts\/33328\/revisions\/34179"}],"wp:attachment":[{"href":"https:\/\/musicbar.cz\/cs\/wp-json\/wp\/v2\/media?parent=33328"}],"wp:term":[{"taxonomy":"category","embeddable":true,"href":"https:\/\/musicbar.cz\/cs\/wp-json\/wp\/v2\/categories?post=33328"},{"taxonomy":"post_tag","embeddable":true,"href":"https:\/\/musicbar.cz\/cs\/wp-json\/wp\/v2\/tags?post=33328"}],"curies":[{"name":"wp","href":"https:\/\/api.w.org\/{rel}","templated":true}]}}