{"id":32930,"date":"2021-08-02T15:03:09","date_gmt":"2021-08-02T13:03:09","guid":{"rendered":"https:\/\/musicbar.cz\/?p=32930"},"modified":"2021-08-31T17:23:29","modified_gmt":"2021-08-31T15:23:29","slug":"luka-sulic-open-air-ledarny-branik-vyprodano","status":"publish","type":"post","link":"https:\/\/musicbar.cz\/cs\/program\/luka-sulic-open-air-ledarny-branik-vyprodano\/","title":{"rendered":"Luka \u0160uli\u0107 &#8211; Open Air Led\u00e1rny Bran\u00edk"},"content":{"rendered":"<p>Po n\u011bkolika n\u00e1hradn\u00edch term\u00ednech se koncert Luky \u0160uli\u0107e uskute\u010dn\u00ed 5.9.2021 od 20:00h v are\u00e1lu Led\u00e1ren Bran\u00edk. Vstupenky z p\u016fvodn\u00edho term\u00ednu z\u016fst\u00e1vaj\u00ed v platnosti. Luka \u0160uli\u0107 pat\u0159\u00ed na mezin\u00e1rodn\u00ed sc\u00e9n\u011b mezi nejobl\u00edben\u011bj\u0161\u00ed a nejuzn\u00e1van\u011bj\u0161\u00ed interprety p\u0159edev\u0161\u00edm d\u00edky sv\u00e9 virtuozit\u011b a v\u00e1\u0161ni, kter\u00e9 doprov\u00e1z\u00ed ka\u017ed\u00e9 jeho vystoupen\u00ed. Po sedmi letech, kter\u00e9 str\u00e1vil na celosv\u011btov\u00e9m turn\u00e9 jako sou\u010d\u00e1st kritiky uzn\u00e1van\u00e9ho dua 2CELLOS se Luka \u0160uli\u0107 vrac\u00ed ke sv\u00fdm klasick\u00fdm ko\u0159en\u016fm a to prost\u0159ednictv\u00edm sv\u00e9ho prvn\u00edho s\u00f3lov\u00e9ho alba pro Sony Classical a tak\u00e9 chystan\u00e9ho celosv\u011btov\u00e9ho turn\u00e9.\u00a0Luka \u0160uli\u0107 vystoup\u00ed spole\u010dn\u011b se speci\u00e1ln\u00edm hostem, pianistou, Evgeny Genchevem.<\/p>\n<p>Koncertn\u00ed are\u00e1l pro Lucerna Music Bar Open Air letos vznikl hned vedle historick\u00e9 budovy Branick\u00fdch Led\u00e1ren, kde si n\u00e1v\u0161t\u011bvn\u00edci krom\u011b skv\u011bl\u00fdch koncert\u016f u\u017eij\u00ed i pohodovou letn\u00ed atmosf\u00e9ru. V are\u00e1lu je dostate\u010dn\u011b velk\u00e1 chill out z\u00f3na a bohat\u00fd v\u00fdb\u011br j\u00eddla a pit\u00ed. <\/p>\n<p>Na tomto linku <a href=\"https:\/\/openair.musicbar.cz\/\">https:\/\/openair.musicbar.cz\/<\/a> najdete v\u00edce info o are\u00e1lu Lucerna Music Bar Open Air 2021.<\/p>\n<p>Kapacita are\u00e1lu a bezpe\u010dnostn\u00ed a hygienick\u00e1 pravidla budou p\u0159izp\u016fsobeny aktu\u00e1ln\u011b platn\u00fdm pravidl\u016fm stanoven\u00fdm Ministerstvem zdravotnictv\u00ed a Krajskou hygienickou stanic\u00ed.<\/p>","protected":false},"excerpt":{"rendered":"<p>Po n\u011bkolika n\u00e1hradn\u00edch term\u00ednech se koncert Luky \u0160uli\u0107e uskute\u010dn\u00ed 5.9.2021 od 20:00h v are\u00e1lu Led\u00e1ren Bran\u00edk. Vstupenky z p\u016fvodn\u00edho term\u00ednu z\u016fst\u00e1vaj\u00ed v platnosti. Luka \u0160uli\u0107 pat\u0159\u00ed na mezin\u00e1rodn\u00ed sc\u00e9n\u011b mezi nejobl\u00edben\u011bj\u0161\u00ed a nejuzn\u00e1van\u011bj\u0161\u00ed interprety p\u0159edev\u0161\u00edm d\u00edky sv\u00e9 virtuozit\u011b a v\u00e1\u0161ni, kter\u00e9 doprov\u00e1z\u00ed ka\u017ed\u00e9 jeho vystoupen\u00ed. Po sedmi letech, kter\u00e9 str\u00e1vil na celosv\u011btov\u00e9m turn\u00e9 jako sou\u010d\u00e1st [&hellip;]<\/p>\n","protected":false},"author":14,"featured_media":0,"comment_status":"closed","ping_status":"closed","sticky":false,"template":"","format":"standard","meta":{"_acf_changed":false,"footnotes":""},"categories":[405],"tags":[424,416],"class_list":["post-32930","post","type-post","status-publish","format-standard","hentry","category-program","tag-jazz","tag-world"],"acf":[],"_links":{"self":[{"href":"https:\/\/musicbar.cz\/cs\/wp-json\/wp\/v2\/posts\/32930","targetHints":{"allow":["GET"]}}],"collection":[{"href":"https:\/\/musicbar.cz\/cs\/wp-json\/wp\/v2\/posts"}],"about":[{"href":"https:\/\/musicbar.cz\/cs\/wp-json\/wp\/v2\/types\/post"}],"author":[{"embeddable":true,"href":"https:\/\/musicbar.cz\/cs\/wp-json\/wp\/v2\/users\/14"}],"replies":[{"embeddable":true,"href":"https:\/\/musicbar.cz\/cs\/wp-json\/wp\/v2\/comments?post=32930"}],"version-history":[{"count":5,"href":"https:\/\/musicbar.cz\/cs\/wp-json\/wp\/v2\/posts\/32930\/revisions"}],"predecessor-version":[{"id":33206,"href":"https:\/\/musicbar.cz\/cs\/wp-json\/wp\/v2\/posts\/32930\/revisions\/33206"}],"wp:attachment":[{"href":"https:\/\/musicbar.cz\/cs\/wp-json\/wp\/v2\/media?parent=32930"}],"wp:term":[{"taxonomy":"category","embeddable":true,"href":"https:\/\/musicbar.cz\/cs\/wp-json\/wp\/v2\/categories?post=32930"},{"taxonomy":"post_tag","embeddable":true,"href":"https:\/\/musicbar.cz\/cs\/wp-json\/wp\/v2\/tags?post=32930"}],"curies":[{"name":"wp","href":"https:\/\/api.w.org\/{rel}","templated":true}]}}