{"id":32486,"date":"2021-06-14T07:59:03","date_gmt":"2021-06-14T05:59:03","guid":{"rendered":"https:\/\/musicbar.cz\/?p=32486"},"modified":"2021-06-23T09:20:31","modified_gmt":"2021-06-23T07:20:31","slug":"80s-90s-video-party-dj-jirka-neumann-open-air-ledarny-branik","status":"publish","type":"post","link":"https:\/\/musicbar.cz\/cs\/program\/80s-90s-video-party-dj-jirka-neumann-open-air-ledarny-branik\/","title":{"rendered":"80\u00b4s &#038; 90\u00b4s video party DJ Jirka Neumann | Open Air Led\u00e1rny Bran\u00edk"},"content":{"rendered":"<p>Legend\u00e1rn\u00ed 80\u00b4s &#038; 90\u00b4s video party je po nekone\u010dn\u00e9 osmim\u011bs\u00ed\u010dn\u00ed pauze zp\u011bt! P\u0159ij\u010fte si op\u011bt u\u017e\u00edt nejv\u011bt\u0161\u00ed hity 80. a 90. let na letn\u00ed sc\u00e9nu Lucerna Music Baru do Led\u00e1ren Bran\u00edk.<\/p>\n<p>Ve\u010der odstartuje ve 20:00 koncertem kapely Hrac\u00ed sk\u0159\u00ed\u0148 Praha. Nenechte si uj\u00edt jejich origin\u00e1ln\u00ed show.<\/p>\n<p>Koncertn\u00ed are\u00e1l pro Lucerna Music Bar Open Air letos vznik\u00e1 hned vedle historick\u00e9 budovy Branick\u00fdch Led\u00e1ren, kde si n\u00e1v\u0161t\u011bvn\u00edci krom\u011b skv\u011bl\u00fdch koncert\u016f u\u017eij\u00ed i pohodovou letn\u00ed atmosf\u00e9ru. V are\u00e1lu bude dostate\u010dn\u011b velk\u00e1 chill out z\u00f3na a bohat\u00fd v\u00fdb\u011br j\u00eddla a pit\u00ed. <\/p>\n<p>Na tomto linku <a href=\"https:\/\/openair.musicbar.cz\/\">https:\/\/openair.musicbar.cz\/<\/a> najdete v\u00edce info o are\u00e1lu Lucerna Music Bar Open Air 2021.<\/p>\n<p>Kapacita are\u00e1lu a bezpe\u010dnostn\u00ed a hygienick\u00e1 pravidla budou p\u0159izp\u016fsobeny aktu\u00e1ln\u011b platn\u00fdm pravidl\u016fm stanoven\u00fdm Ministerstvem zdravotnictv\u00ed a Krajskou hygienickou stanic\u00ed.<\/p>\n","protected":false},"excerpt":{"rendered":"<p>Legend\u00e1rn\u00ed 80\u00b4s &#038; 90\u00b4s video party je po nekone\u010dn\u00e9 osmim\u011bs\u00ed\u010dn\u00ed pauze zp\u011bt! P\u0159ij\u010fte si op\u011bt u\u017e\u00edt nejv\u011bt\u0161\u00ed hity 80. a 90. let na letn\u00ed sc\u00e9nu Lucerna Music Baru do Led\u00e1ren Bran\u00edk. Ve\u010der odstartuje ve 20:00 koncertem kapely Hrac\u00ed sk\u0159\u00ed\u0148 Praha. Nenechte si uj\u00edt jejich origin\u00e1ln\u00ed show. Koncertn\u00ed are\u00e1l pro Lucerna Music Bar Open Air letos [&hellip;]<\/p>\n","protected":false},"author":6,"featured_media":0,"comment_status":"closed","ping_status":"closed","sticky":false,"template":"","format":"standard","meta":{"_acf_changed":false,"footnotes":""},"categories":[405],"tags":[438,418],"class_list":["post-32486","post","type-post","status-publish","format-standard","hentry","category-program","tag-80s-90s","tag-pop"],"acf":[],"_links":{"self":[{"href":"https:\/\/musicbar.cz\/cs\/wp-json\/wp\/v2\/posts\/32486","targetHints":{"allow":["GET"]}}],"collection":[{"href":"https:\/\/musicbar.cz\/cs\/wp-json\/wp\/v2\/posts"}],"about":[{"href":"https:\/\/musicbar.cz\/cs\/wp-json\/wp\/v2\/types\/post"}],"author":[{"embeddable":true,"href":"https:\/\/musicbar.cz\/cs\/wp-json\/wp\/v2\/users\/6"}],"replies":[{"embeddable":true,"href":"https:\/\/musicbar.cz\/cs\/wp-json\/wp\/v2\/comments?post=32486"}],"version-history":[{"count":5,"href":"https:\/\/musicbar.cz\/cs\/wp-json\/wp\/v2\/posts\/32486\/revisions"}],"predecessor-version":[{"id":32539,"href":"https:\/\/musicbar.cz\/cs\/wp-json\/wp\/v2\/posts\/32486\/revisions\/32539"}],"wp:attachment":[{"href":"https:\/\/musicbar.cz\/cs\/wp-json\/wp\/v2\/media?parent=32486"}],"wp:term":[{"taxonomy":"category","embeddable":true,"href":"https:\/\/musicbar.cz\/cs\/wp-json\/wp\/v2\/categories?post=32486"},{"taxonomy":"post_tag","embeddable":true,"href":"https:\/\/musicbar.cz\/cs\/wp-json\/wp\/v2\/tags?post=32486"}],"curies":[{"name":"wp","href":"https:\/\/api.w.org\/{rel}","templated":true}]}}