{"id":3166,"date":"2012-11-09T01:09:24","date_gmt":"2012-11-09T01:09:24","guid":{"rendered":"http:\/\/www.musicbar.cz\/program\/anna-k-band\/"},"modified":"2012-11-09T01:09:24","modified_gmt":"2012-11-09T01:09:24","slug":"anna-k-band","status":"publish","type":"post","link":"https:\/\/musicbar.cz\/cs\/program\/anna-k-band\/","title":{"rendered":"ANNA K &#038; BAND"},"content":{"rendered":"<p>Anna K si d\u00e1 jedin\u00fd pra\u017esk\u00fd koncert v roce 2011 u n\u00e1s v pra\u017esk\u00e9m Lucerna Music Baru&#8230;<\/p>\n","protected":false},"excerpt":{"rendered":"<p>Anna K si d\u00e1 jedin\u00fd pra\u017esk\u00fd koncert v roce 2011 u n\u00e1s v pra\u017esk\u00e9m Lucerna Music Baru&#8230;<\/p>\n","protected":false},"author":6,"featured_media":0,"comment_status":"open","ping_status":"closed","sticky":false,"template":"","format":"standard","meta":{"_acf_changed":false,"footnotes":""},"categories":[405],"tags":[],"class_list":["post-3166","post","type-post","status-publish","format-standard","hentry","category-program"],"acf":[],"_links":{"self":[{"href":"https:\/\/musicbar.cz\/cs\/wp-json\/wp\/v2\/posts\/3166","targetHints":{"allow":["GET"]}}],"collection":[{"href":"https:\/\/musicbar.cz\/cs\/wp-json\/wp\/v2\/posts"}],"about":[{"href":"https:\/\/musicbar.cz\/cs\/wp-json\/wp\/v2\/types\/post"}],"author":[{"embeddable":true,"href":"https:\/\/musicbar.cz\/cs\/wp-json\/wp\/v2\/users\/6"}],"replies":[{"embeddable":true,"href":"https:\/\/musicbar.cz\/cs\/wp-json\/wp\/v2\/comments?post=3166"}],"version-history":[{"count":0,"href":"https:\/\/musicbar.cz\/cs\/wp-json\/wp\/v2\/posts\/3166\/revisions"}],"wp:attachment":[{"href":"https:\/\/musicbar.cz\/cs\/wp-json\/wp\/v2\/media?parent=3166"}],"wp:term":[{"taxonomy":"category","embeddable":true,"href":"https:\/\/musicbar.cz\/cs\/wp-json\/wp\/v2\/categories?post=3166"},{"taxonomy":"post_tag","embeddable":true,"href":"https:\/\/musicbar.cz\/cs\/wp-json\/wp\/v2\/tags?post=3166"}],"curies":[{"name":"wp","href":"https:\/\/api.w.org\/{rel}","templated":true}]}}