{"id":31476,"date":"2020-09-11T13:05:26","date_gmt":"2020-09-11T11:05:26","guid":{"rendered":"https:\/\/musicbar.cz\/?p=31476"},"modified":"2020-09-14T13:40:26","modified_gmt":"2020-09-14T11:40:26","slug":"rozdeleni-do-sektoru","status":"publish","type":"post","link":"https:\/\/musicbar.cz\/cs\/novinky\/rozdeleni-do-sektoru\/","title":{"rendered":"Rozd\u011blen\u00ed na sektory na vybran\u00e9 koncerty"},"content":{"rendered":"<p>Na z\u00e1klad\u011b aktu\u00e1ln\u011b platn\u00fdch opat\u0159en\u00ed stanoven\u00fdch Ministerstvem zdravotnictv\u00ed \u010cR bude Lucerna Music Bar <strong>na vybran\u00e9 koncerty<\/strong> rozd\u011blen na dva sektory. Ka\u017ed\u00fd sektor bude m\u00edt samostatn\u00fd vchod, toalety, bary a \u0161atnu. Mezi jednotliv\u00fdmi sektory nebude mo\u017en\u00e9 p\u0159ech\u00e1zet.<\/p>\n<p>Sektor A \u2013 standardn\u00ed vchod do Lucerna Music Baru<br \/>\n&#8211; v tomto sektoru bude p\u0159\u00edstupn\u00e1 cca 1\/3 st\u00e1n\u00ed prav\u00e9 p\u0159\u00edzem\u00ed a prav\u00fd a lev\u00fd balkon<\/p>\n<p>Sektor B \u2013 vchod p\u0159es Hospodu v Lucern\u011b<br \/>\n&#8211; v tomto sektoru budou p\u0159\u00edstupn\u00e9 cca 2\/3 st\u00e1n\u00ed lev\u00e9 p\u0159\u00edzem\u00ed, balkony ne<\/p>\n<p>Kapacita klubu a bezpe\u010dnostn\u00ed a hygienick\u00e1 pravidla se \u0159\u00edd\u00ed aktu\u00e1ln\u011b platn\u00fdmi pravidly stanoven\u00fdmi Ministerstvem zdravotnictv\u00ed \u010cR. V\u00edce informac\u00ed najdete <a href=\"https:\/\/musicbar.cz\/cs\/novinky\/hygienicka-a-bezpecnostni-opatreni-v-lucerna-music-baru\">ZDE<\/a>.<\/p>\n","protected":false},"excerpt":{"rendered":"<p>Na z\u00e1klad\u011b aktu\u00e1ln\u011b platn\u00fdch opat\u0159en\u00ed stanoven\u00fdch Ministerstvem zdravotnictv\u00ed \u010cR bude Lucerna Music Bar na vybran\u00e9 koncerty rozd\u011blen na dva sektory. Ka\u017ed\u00fd sektor bude m\u00edt samostatn\u00fd vchod, toalety, bary a \u0161atnu. Mezi jednotliv\u00fdmi sektory nebude mo\u017en\u00e9 p\u0159ech\u00e1zet. Sektor A \u2013 standardn\u00ed vchod do Lucerna Music Baru &#8211; v tomto sektoru bude p\u0159\u00edstupn\u00e1 cca 1\/3 st\u00e1n\u00ed prav\u00e9 [&hellip;]<\/p>\n","protected":false},"author":6,"featured_media":0,"comment_status":"closed","ping_status":"closed","sticky":false,"template":"","format":"standard","meta":{"_acf_changed":false,"footnotes":""},"categories":[404],"tags":[],"class_list":["post-31476","post","type-post","status-publish","format-standard","hentry","category-novinky"],"acf":[],"_links":{"self":[{"href":"https:\/\/musicbar.cz\/cs\/wp-json\/wp\/v2\/posts\/31476","targetHints":{"allow":["GET"]}}],"collection":[{"href":"https:\/\/musicbar.cz\/cs\/wp-json\/wp\/v2\/posts"}],"about":[{"href":"https:\/\/musicbar.cz\/cs\/wp-json\/wp\/v2\/types\/post"}],"author":[{"embeddable":true,"href":"https:\/\/musicbar.cz\/cs\/wp-json\/wp\/v2\/users\/6"}],"replies":[{"embeddable":true,"href":"https:\/\/musicbar.cz\/cs\/wp-json\/wp\/v2\/comments?post=31476"}],"version-history":[{"count":5,"href":"https:\/\/musicbar.cz\/cs\/wp-json\/wp\/v2\/posts\/31476\/revisions"}],"predecessor-version":[{"id":31484,"href":"https:\/\/musicbar.cz\/cs\/wp-json\/wp\/v2\/posts\/31476\/revisions\/31484"}],"wp:attachment":[{"href":"https:\/\/musicbar.cz\/cs\/wp-json\/wp\/v2\/media?parent=31476"}],"wp:term":[{"taxonomy":"category","embeddable":true,"href":"https:\/\/musicbar.cz\/cs\/wp-json\/wp\/v2\/categories?post=31476"},{"taxonomy":"post_tag","embeddable":true,"href":"https:\/\/musicbar.cz\/cs\/wp-json\/wp\/v2\/tags?post=31476"}],"curies":[{"name":"wp","href":"https:\/\/api.w.org\/{rel}","templated":true}]}}