{"id":31418,"date":"2020-09-21T09:55:15","date_gmt":"2020-09-21T07:55:15","guid":{"rendered":"https:\/\/musicbar.cz\/?p=31418"},"modified":"2020-09-21T13:35:30","modified_gmt":"2020-09-21T11:35:30","slug":"hygienicka-a-bezpecnostni-opatreni-v-lucerna-music-baru","status":"publish","type":"post","link":"https:\/\/musicbar.cz\/cs\/novinky\/hygienicka-a-bezpecnostni-opatreni-v-lucerna-music-baru\/","title":{"rendered":"Hygienick\u00e1 a bezpe\u010dnostn\u00ed opat\u0159en\u00ed v Lucerna Music Baru"},"content":{"rendered":"<p>Mil\u00ed n\u00e1v\u0161t\u011bvn\u00edci Lucerna Music Baru,<\/p>\n<p>jak pravd\u011bpodobn\u011b ji\u017e v\u00edte, na kulturn\u00edch akc\u00edch ve vnit\u0159n\u00edch prostorech plat\u00ed omezen\u00ed z d\u016fvodu protikoronavirov\u00fdch opat\u0159en\u00ed, kter\u00e9 upravuje mimo\u0159\u00e1dn\u00e9 opat\u0159en\u00ed MZ\u010cR ze dne 16. 9. 2020 (\u010c. j.: MZDR 20588\/2020-16\/MIN\/KAN) a na\u0159\u00edzen\u00ed Hygienick\u00e9 stanice hl. m\u011bsta Prahy ze dne 17. 9. (\u010c. j.: MZDR 15757\/2020-35\/MIN\/KAN).<\/p>\n<p>Uspo\u0159\u00e1d\u00e1n\u00ed Lucerna Music Baru je p\u0159izp\u016fsobeno sou\u010dasn\u00fdm na\u0159\u00edzen\u00edm Ministerstva zdravotnictv\u00ed, tak\u017ee ka\u017ed\u00fd n\u00e1v\u0161t\u011bvn\u00edk bude m\u00edt p\u0159i\u0159azen\u00e9 sv\u00e9 m\u00edsto na sezen\u00ed. \u010c\u00edslo sv\u00e9ho m\u00edsta obdr\u017e\u00ed n\u00e1v\u0161t\u011bvn\u00edk na vstupu. V klubu bude i dostatek m\u00edsta na tane\u010dn\u00edm parket\u011b.<\/p>\n<p>Uv\u011bdomujeme si, \u017ee na\u0161i n\u00e1v\u0161t\u011bvn\u00edci mohou m\u00edt obavy z p\u0159\u00edpadn\u00e9 n\u00e1kazy, proto jsme zavedli hygienick\u00e1 opat\u0159en\u00ed, d\u00edky kter\u00fdm je prost\u0159ed\u00ed Lucerna Music Baru bezpe\u010dn\u011bj\u0161\u00ed:<\/p>\n<p>\u2013 klimatizace klubu je o\u0161et\u0159ena speci\u00e1ln\u00edm p\u0159\u00edpravkem Liquicid Air, kter\u00fd kontinu\u00e1ln\u011b dezinfikuje klimatizaci a vzduchotechniku a z\u00e1rove\u0148 i vzduch, kter\u00fd j\u00ed proch\u00e1z\u00ed<br \/>\n&#8211; zavedli jsme bezhotovostn\u00ed platby na barech<br \/>\n&#8211; v klubu je dostate\u010dn\u00e9 mno\u017estv\u00ed dezinfekce v bezdotykov\u00fdch stojanech<br \/>\n&#8211; na barech jsme instalovali pr\u016fhledn\u00e9 p\u0159ep\u00e1\u017eky, kter\u00e9 chr\u00e1n\u00ed jak v\u00e1s, tak i na\u0161e zam\u011bstnance<\/p>\n<p><strong>D\u00e1le jsme v souvislosti s aktu\u00e1ln\u00edmi na\u0159\u00edzen\u00edmi zavedli tyto z\u00e1kladn\u00ed bezpe\u010dnostn\u00ed a hygienick\u00e1 pravidla:<\/strong><\/p>\n<p>1. Pros\u00edme p\u0159ed vstupem na akci dodr\u017eujte odstup 2m.<\/p>\n<p>2. Pou\u017e\u00edvejte po celou dobu akce ochrann\u00e9 rou\u0161ky. Vstup bez rou\u0161ky nebude do klubu umo\u017en\u011bn.<\/p>\n<p>3. Dbejte zv\u00fd\u0161en\u00e9 hygieny p\u0159i n\u00e1v\u0161t\u011bv\u011b toalet, pou\u017e\u00edvejte desinfekci a \u010dast\u011bji si myjte ruce.<\/p>\n<p>4. Pros\u00edme o ohleduplnost k druh\u00fdm, po celou dobu akce se sna\u017ete dodr\u017eovat bezpe\u010dn\u00fd odstup od druh\u00fdch.<\/p>\n<p>5. Na m\u00edst\u011b je zaji\u0161t\u011bn dozor pro\u0161kolen\u00e9 po\u0159adatelsk\u00e9 slu\u017eby, pros\u00edm respektujte jejich doporu\u010den\u00ed.<\/p>\n<p>6. Sna\u017ete se vyu\u017e\u00edvat bezhotovostn\u00edch plateb na barech.<\/p>\n<p>7. V p\u0159\u00edpad\u011b nevolnosti nebo jin\u00fdch zdravotn\u00edch pot\u00ed\u017e\u00edch se pros\u00edm obra\u0165te na po\u0159adatelskou slu\u017ebu u vstupu.<\/p>\n<p>8. Pokud se nec\u00edt\u00edte dob\u0159e, bu\u010fte ohledupln\u00ed k druh\u00fdm a pe\u010dliv\u011b pros\u00edm zva\u017ete svou \u00fa\u010dast na akci.<\/p>\n<p>P\u0159edem d\u011bkujeme za respektov\u00e1n\u00ed a dodr\u017eov\u00e1n\u00ed pravidel a t\u011b\u0161\u00edme se na va\u0161i n\u00e1v\u0161t\u011bvu.<\/p>\n<p>Lucerna Music Bar<\/p>","protected":false},"excerpt":{"rendered":"<p>Mil\u00ed n\u00e1v\u0161t\u011bvn\u00edci Lucerna Music Baru, jak pravd\u011bpodobn\u011b ji\u017e v\u00edte, na kulturn\u00edch akc\u00edch ve vnit\u0159n\u00edch prostorech plat\u00ed omezen\u00ed z d\u016fvodu protikoronavirov\u00fdch opat\u0159en\u00ed, kter\u00e9 upravuje mimo\u0159\u00e1dn\u00e9 opat\u0159en\u00ed MZ\u010cR ze dne 16. 9. 2020 (\u010c. j.: MZDR 20588\/2020-16\/MIN\/KAN) a na\u0159\u00edzen\u00ed Hygienick\u00e9 stanice hl. m\u011bsta Prahy ze dne 17. 9. (\u010c. j.: MZDR 15757\/2020-35\/MIN\/KAN). Uspo\u0159\u00e1d\u00e1n\u00ed Lucerna Music Baru je [&hellip;]<\/p>\n","protected":false},"author":6,"featured_media":0,"comment_status":"closed","ping_status":"closed","sticky":false,"template":"","format":"standard","meta":{"_acf_changed":false,"footnotes":""},"categories":[404],"tags":[],"class_list":["post-31418","post","type-post","status-publish","format-standard","hentry","category-novinky"],"acf":[],"_links":{"self":[{"href":"https:\/\/musicbar.cz\/cs\/wp-json\/wp\/v2\/posts\/31418","targetHints":{"allow":["GET"]}}],"collection":[{"href":"https:\/\/musicbar.cz\/cs\/wp-json\/wp\/v2\/posts"}],"about":[{"href":"https:\/\/musicbar.cz\/cs\/wp-json\/wp\/v2\/types\/post"}],"author":[{"embeddable":true,"href":"https:\/\/musicbar.cz\/cs\/wp-json\/wp\/v2\/users\/6"}],"replies":[{"embeddable":true,"href":"https:\/\/musicbar.cz\/cs\/wp-json\/wp\/v2\/comments?post=31418"}],"version-history":[{"count":9,"href":"https:\/\/musicbar.cz\/cs\/wp-json\/wp\/v2\/posts\/31418\/revisions"}],"predecessor-version":[{"id":31569,"href":"https:\/\/musicbar.cz\/cs\/wp-json\/wp\/v2\/posts\/31418\/revisions\/31569"}],"wp:attachment":[{"href":"https:\/\/musicbar.cz\/cs\/wp-json\/wp\/v2\/media?parent=31418"}],"wp:term":[{"taxonomy":"category","embeddable":true,"href":"https:\/\/musicbar.cz\/cs\/wp-json\/wp\/v2\/categories?post=31418"},{"taxonomy":"post_tag","embeddable":true,"href":"https:\/\/musicbar.cz\/cs\/wp-json\/wp\/v2\/tags?post=31418"}],"curies":[{"name":"wp","href":"https:\/\/api.w.org\/{rel}","templated":true}]}}