{"id":30875,"date":"2020-07-01T14:38:23","date_gmt":"2020-07-01T12:38:23","guid":{"rendered":"https:\/\/musicbar.cz\/?p=30875"},"modified":"2020-08-05T19:51:35","modified_gmt":"2020-08-05T17:51:35","slug":"psh-live-band-open-air-vystaviste","status":"publish","type":"post","link":"https:\/\/musicbar.cz\/cs\/program\/psh-live-band-open-air-vystaviste\/","title":{"rendered":"PSH Live Band &#8211; Open Air V\u00fdstavi\u0161t\u011b"},"content":{"rendered":"<p>PSH vystoup\u00ed v sobotu 8. srpna spole\u010dn\u011b s \u017eivou kapelou v p\u0159\u00edrodn\u00edm are\u00e1lu na pra\u017esk\u00e9m V\u00fdstavi\u0161ti v r\u00e1mci Lucerna Music Bar &#8211; Open Air.<\/p>\n<p>Prvn\u00edch 100 vstupenek za 390 K\u010d po\u0159\u00edd\u00ed\u0161 na pokladn\u011b a webu Lucerna Music Baru a GoOut.cz. Po vyprod\u00e1n\u00ed prvn\u00edch 100 ks budou vstupenky za 450 K\u010d.<\/p>\n<p>Koncertn\u00ed are\u00e1l pro Lucerna Music Bar Open Air vzniknul v lesoparkov\u00e9 \u010d\u00e1sti pra\u017esk\u00e9ho V\u00fdstavi\u0161t\u011b v m\u00edst\u011b, kde jsou mohutn\u00e9 vzrostl\u00e9 stromy. V are\u00e1lu je dostate\u010dn\u011b velk\u00e1 chill out z\u00f3na a bohat\u00fd v\u00fdb\u011br j\u00eddla a pit\u00ed, take si krom\u011b skv\u011bl\u00fdch koncert\u016f u\u017eijete i pohodovou letn\u00ed atmosf\u00e9ru na \u010derstv\u00e9m vzduchu.<\/p>\n<p>Na tomto linku <a href=\"https:\/\/openair.musicbar.cz\/\">https:\/\/openair.musicbar.cz\/<\/a> najdete v\u00edce info o are\u00e1lu Lucerna Music Bar Open Air.<\/p>\n<p>Zde:\u00a0<a href=\"https:\/\/musicbar.cz\/cs\/fotoreporty\/lucerna-music-bar-open-air\/\">https:\/\/musicbar.cz\/cs\/fotoreporty\/lucerna-music-bar-open-air\/<\/a> najdete fotky are\u00e1lu.<\/p>\n<p>Zde:\u00a0<a href=\"https:\/\/www.youtube.com\/watch?v=R5V1py8lUew\">https:\/\/www.youtube.com\/watch?v=R5V1py8lUew<\/a> najdete video z are\u00e1lu.<\/p>\n<p>Kapacita are\u00e1lu a bezpe\u010dnostn\u00ed a hygienick\u00e1 pravidla se \u0159\u00edd\u00ed aktu\u00e1ln\u011b platn\u00edmi pravidly stanoven\u00fdmi Ministerstvem zdravotnictv\u00ed \u010cR.<\/p>\n<p>Lucerna Music Bar Open Air po\u0159\u00e1d\u00e1 Lucerna Music Bar spole\u010dn\u011b s P\u0159ehrady Festem.<\/p>","protected":false},"excerpt":{"rendered":"<p>PSH vystoup\u00ed v sobotu 8. srpna spole\u010dn\u011b s \u017eivou kapelou v p\u0159\u00edrodn\u00edm are\u00e1lu na pra\u017esk\u00e9m V\u00fdstavi\u0161ti v r\u00e1mci Lucerna Music Bar &#8211; Open Air. Prvn\u00edch 100 vstupenek za 390 K\u010d po\u0159\u00edd\u00ed\u0161 na pokladn\u011b a webu Lucerna Music Baru a GoOut.cz. Po vyprod\u00e1n\u00ed prvn\u00edch 100 ks budou vstupenky za 450 K\u010d. Koncertn\u00ed are\u00e1l pro Lucerna Music [&hellip;]<\/p>\n","protected":false},"author":14,"featured_media":0,"comment_status":"closed","ping_status":"closed","sticky":false,"template":"","format":"standard","meta":{"_acf_changed":false,"footnotes":""},"categories":[405],"tags":[437],"class_list":["post-30875","post","type-post","status-publish","format-standard","hentry","category-program","tag-hip-hop"],"acf":[],"_links":{"self":[{"href":"https:\/\/musicbar.cz\/cs\/wp-json\/wp\/v2\/posts\/30875","targetHints":{"allow":["GET"]}}],"collection":[{"href":"https:\/\/musicbar.cz\/cs\/wp-json\/wp\/v2\/posts"}],"about":[{"href":"https:\/\/musicbar.cz\/cs\/wp-json\/wp\/v2\/types\/post"}],"author":[{"embeddable":true,"href":"https:\/\/musicbar.cz\/cs\/wp-json\/wp\/v2\/users\/14"}],"replies":[{"embeddable":true,"href":"https:\/\/musicbar.cz\/cs\/wp-json\/wp\/v2\/comments?post=30875"}],"version-history":[{"count":10,"href":"https:\/\/musicbar.cz\/cs\/wp-json\/wp\/v2\/posts\/30875\/revisions"}],"predecessor-version":[{"id":31114,"href":"https:\/\/musicbar.cz\/cs\/wp-json\/wp\/v2\/posts\/30875\/revisions\/31114"}],"wp:attachment":[{"href":"https:\/\/musicbar.cz\/cs\/wp-json\/wp\/v2\/media?parent=30875"}],"wp:term":[{"taxonomy":"category","embeddable":true,"href":"https:\/\/musicbar.cz\/cs\/wp-json\/wp\/v2\/categories?post=30875"},{"taxonomy":"post_tag","embeddable":true,"href":"https:\/\/musicbar.cz\/cs\/wp-json\/wp\/v2\/tags?post=30875"}],"curies":[{"name":"wp","href":"https:\/\/api.w.org\/{rel}","templated":true}]}}