{"id":30331,"date":"2020-05-11T08:26:57","date_gmt":"2020-05-11T06:26:57","guid":{"rendered":"https:\/\/musicbar.cz\/?p=30331"},"modified":"2021-01-25T17:21:16","modified_gmt":"2021-01-25T15:21:16","slug":"mydy-ekoncert","status":"publish","type":"post","link":"https:\/\/musicbar.cz\/cs\/program\/mydy-ekoncert\/","title":{"rendered":"MYDY &#8211; eKoncert"},"content":{"rendered":"<p>V Lucerna Music Baru se v pr\u016fb\u011bhu kv\u011btna uskute\u010dn\u00ed s\u00e9rie eKoncert\u016f. Vzhledem k uvoln\u011bn\u00ed protikoronavirov\u00fdch opat\u0159en\u00ed bude do klubu vpu\u0161t\u011bn limitovan\u00fd po\u010det div\u00e1k\u016f, ostatn\u00ed se p\u0159ipoj\u00ed pomoc\u00ed video technologie a budou zobrazeni na LED obrazovk\u00e1ch v klubu. Kapely si tak zahraj\u00ed op\u011bt s p\u0159\u00edtomn\u00fdm publikem a fanou\u0161ci budou znovu sou\u010d\u00e1st\u00ed \u017eiv\u00e9ho koncertu \u2013 jak p\u0159\u00edmo v klubu, tak prost\u0159ednictv\u00edm online video platformy. <\/p>\n<p>Vstupenky budou v prodeji od pond\u011bl\u00ed 11. 5. 15:00 na webu Lucerna Music Baru a GoOut.cz. Na ka\u017ed\u00fd koncert bude v prodeji limitovan\u00fd po\u010det vstupenek p\u0159\u00edmo do klubu a d\u00e1le bude mo\u017en\u00e9 zakoupit VIP vstupenky s p\u0159\u00edstupem na VIP live stream anebo p\u0159isp\u011bt dobrovoln\u00fdm vstupn\u00fdm v r\u00e1mci standardn\u00edho live streamu.<\/p>\n<p>Majitel\u00e9 VIP live stream vstupenek dostanou p\u0159\u00edstup do video platformy Zoom, pomoc\u00ed kter\u00e9 se p\u0159ipoj\u00ed do klubu, kde budou vid\u011bt na LED obrazovk\u00e1ch. Krom\u011b \u017eiv\u00e9ho koncertu se mohou t\u011b\u0161it na exkluzivn\u00ed obsah \u2013 nahl\u00e9dnut\u00ed do backstage, rozhovor s kapelou apod. Ve virtu\u00e1ln\u00ed m\u00edstnosti se nav\u00edc budou moci pod\u00edvat, kdo se d\u00edv\u00e1 s nimi anebo si sd\u011blovat z\u00e1\u017eitky z koncertu prost\u0159ednictv\u00edm chatu. Standardn\u00ed live stream bez bonusov\u00e9ho obsahu bude vys\u00edl\u00e1n na Facebooku a YouTube Lucerna Music Baru, kapel a partner\u016f.<\/p>\n<p>Projekt eKoncert\u016f se kon\u00e1 za finan\u010dn\u00ed podpory Ministerstva kultury \u010cR a Magistr\u00e1tu hlavn\u00edho m\u011bsta Prahy.<\/p>","protected":false},"excerpt":{"rendered":"<p>V Lucerna Music Baru se v pr\u016fb\u011bhu kv\u011btna uskute\u010dn\u00ed s\u00e9rie eKoncert\u016f. Vzhledem k uvoln\u011bn\u00ed protikoronavirov\u00fdch opat\u0159en\u00ed bude do klubu vpu\u0161t\u011bn limitovan\u00fd po\u010det div\u00e1k\u016f, ostatn\u00ed se p\u0159ipoj\u00ed pomoc\u00ed video technologie a budou zobrazeni na LED obrazovk\u00e1ch v klubu. Kapely si tak zahraj\u00ed op\u011bt s p\u0159\u00edtomn\u00fdm publikem a fanou\u0161ci budou znovu sou\u010d\u00e1st\u00ed \u017eiv\u00e9ho koncertu \u2013 jak p\u0159\u00edmo [&hellip;]<\/p>\n","protected":false},"author":6,"featured_media":0,"comment_status":"closed","ping_status":"closed","sticky":false,"template":"","format":"standard","meta":{"_acf_changed":false,"footnotes":""},"categories":[405],"tags":[428],"class_list":["post-30331","post","type-post","status-publish","format-standard","hentry","category-program","tag-electronic"],"acf":[],"_links":{"self":[{"href":"https:\/\/musicbar.cz\/cs\/wp-json\/wp\/v2\/posts\/30331","targetHints":{"allow":["GET"]}}],"collection":[{"href":"https:\/\/musicbar.cz\/cs\/wp-json\/wp\/v2\/posts"}],"about":[{"href":"https:\/\/musicbar.cz\/cs\/wp-json\/wp\/v2\/types\/post"}],"author":[{"embeddable":true,"href":"https:\/\/musicbar.cz\/cs\/wp-json\/wp\/v2\/users\/6"}],"replies":[{"embeddable":true,"href":"https:\/\/musicbar.cz\/cs\/wp-json\/wp\/v2\/comments?post=30331"}],"version-history":[{"count":9,"href":"https:\/\/musicbar.cz\/cs\/wp-json\/wp\/v2\/posts\/30331\/revisions"}],"predecessor-version":[{"id":31891,"href":"https:\/\/musicbar.cz\/cs\/wp-json\/wp\/v2\/posts\/30331\/revisions\/31891"}],"wp:attachment":[{"href":"https:\/\/musicbar.cz\/cs\/wp-json\/wp\/v2\/media?parent=30331"}],"wp:term":[{"taxonomy":"category","embeddable":true,"href":"https:\/\/musicbar.cz\/cs\/wp-json\/wp\/v2\/categories?post=30331"},{"taxonomy":"post_tag","embeddable":true,"href":"https:\/\/musicbar.cz\/cs\/wp-json\/wp\/v2\/tags?post=30331"}],"curies":[{"name":"wp","href":"https:\/\/api.w.org\/{rel}","templated":true}]}}