{"id":26922,"date":"2019-03-01T13:47:47","date_gmt":"2019-03-01T11:47:47","guid":{"rendered":"https:\/\/www.musicbar.cz\/?p=26922"},"modified":"2019-03-01T13:47:47","modified_gmt":"2019-03-01T11:47:47","slug":"baumaxa-mucha-2","status":"publish","type":"post","link":"https:\/\/musicbar.cz\/cs\/program\/baumaxa-mucha-2\/","title":{"rendered":"Baumaxa &#038; Mucha"},"content":{"rendered":"<p>Baumaxa a Mucha po roce op\u011bt spole\u010dn\u011b v Lucerna Music Baru!<\/p>\n<p>\u017d\u00e1nrov\u011b a\u017e nechutn\u011b p\u0159\u00edbuzn\u00e9 duo Baumaxa &#038; Mucha spojilo s\u00edly a talent (od Boha) a p\u0159ipravilo tuzemsk\u00e9mu bur\u00e1nku spole\u010dn\u00fd hudebn\u011b-perfora\u010dn\u00ed program postaven\u00fd na konfrontaci genderov\u00fdch nedorozum\u011bn\u00ed, oslav\u011b i kritice \u017eivotn\u00edho duelu, l\u00e1sce i nen\u00e1visti ke kvalitn\u00edmu folku, ku\u0159ivu a modern\u00edm drog\u00e1m, tv\u00e1\u0159\u00ed v tv\u00e1\u0159 \u00fad\u011blu, kter\u00fd pokulh\u00e1v\u00e1, pad\u00e1 a stoj\u00ed na p\u0159edem dohodnut\u00fdch spole\u010dn\u00fdch prohr\u00e1ch.<\/p>","protected":false},"excerpt":{"rendered":"<p>Baumaxa a Mucha po roce op\u011bt spole\u010dn\u011b v Lucerna Music Baru! \u017d\u00e1nrov\u011b a\u017e nechutn\u011b p\u0159\u00edbuzn\u00e9 duo Baumaxa &#038; Mucha spojilo s\u00edly a talent (od Boha) a p\u0159ipravilo tuzemsk\u00e9mu bur\u00e1nku spole\u010dn\u00fd hudebn\u011b-perfora\u010dn\u00ed program postaven\u00fd na konfrontaci genderov\u00fdch nedorozum\u011bn\u00ed, oslav\u011b i kritice \u017eivotn\u00edho duelu, l\u00e1sce i nen\u00e1visti ke kvalitn\u00edmu folku, ku\u0159ivu a modern\u00edm drog\u00e1m, tv\u00e1\u0159\u00ed v tv\u00e1\u0159 [&hellip;]<\/p>\n","protected":false},"author":6,"featured_media":0,"comment_status":"closed","ping_status":"closed","sticky":false,"template":"","format":"standard","meta":{"_acf_changed":false,"footnotes":""},"categories":[405],"tags":[426],"class_list":["post-26922","post","type-post","status-publish","format-standard","hentry","category-program","tag-folk"],"acf":[],"_links":{"self":[{"href":"https:\/\/musicbar.cz\/cs\/wp-json\/wp\/v2\/posts\/26922","targetHints":{"allow":["GET"]}}],"collection":[{"href":"https:\/\/musicbar.cz\/cs\/wp-json\/wp\/v2\/posts"}],"about":[{"href":"https:\/\/musicbar.cz\/cs\/wp-json\/wp\/v2\/types\/post"}],"author":[{"embeddable":true,"href":"https:\/\/musicbar.cz\/cs\/wp-json\/wp\/v2\/users\/6"}],"replies":[{"embeddable":true,"href":"https:\/\/musicbar.cz\/cs\/wp-json\/wp\/v2\/comments?post=26922"}],"version-history":[{"count":1,"href":"https:\/\/musicbar.cz\/cs\/wp-json\/wp\/v2\/posts\/26922\/revisions"}],"predecessor-version":[{"id":26924,"href":"https:\/\/musicbar.cz\/cs\/wp-json\/wp\/v2\/posts\/26922\/revisions\/26924"}],"wp:attachment":[{"href":"https:\/\/musicbar.cz\/cs\/wp-json\/wp\/v2\/media?parent=26922"}],"wp:term":[{"taxonomy":"category","embeddable":true,"href":"https:\/\/musicbar.cz\/cs\/wp-json\/wp\/v2\/categories?post=26922"},{"taxonomy":"post_tag","embeddable":true,"href":"https:\/\/musicbar.cz\/cs\/wp-json\/wp\/v2\/tags?post=26922"}],"curies":[{"name":"wp","href":"https:\/\/api.w.org\/{rel}","templated":true}]}}