{"id":2671,"date":"2012-10-29T12:17:16","date_gmt":"2012-10-29T12:17:16","guid":{"rendered":"http:\/\/www.musicbar.cz\/?p=2671"},"modified":"2012-11-21T20:53:06","modified_gmt":"2012-11-21T20:53:06","slug":"swans-sverazne-oslavi-tricet-let-od-sveho-vzniku-i-v-praze","status":"publish","type":"post","link":"https:\/\/musicbar.cz\/cs\/novinky\/swans-sverazne-oslavi-tricet-let-od-sveho-vzniku-i-v-praze\/","title":{"rendered":"Swans sv\u00e9r\u00e1zn\u011b oslav\u00ed t\u0159icet let od sv\u00e9ho vzniku i v Praze!"},"content":{"rendered":"<p><a href=\"http:\/\/www.musicbar.cz\/wp-content\/uploads\/2012\/07\/swans_2012.jpg\"><img loading=\"lazy\" decoding=\"async\" class=\"alignleft size-full wp-image-2673\" title=\"swans_2012_\" src=\"http:\/\/www.musicbar.cz\/wp-content\/uploads\/2012\/07\/swans_2012_.jpg\" alt=\"\" width=\"170\" height=\"170\" srcset=\"https:\/\/storage.googleapis.com\/goout-wordpress-uploads\/musicbarcz\/2012\/07\/swans_2012_.jpg 170w, https:\/\/storage.googleapis.com\/goout-wordpress-uploads\/musicbarcz\/2012\/07\/swans_2012_-300x300.jpg 300w, https:\/\/storage.googleapis.com\/goout-wordpress-uploads\/musicbarcz\/2012\/07\/swans_2012_-900x900.jpg 900w\" sizes=\"auto, (max-width: 170px) 100vw, 170px\" \/><\/a>Kdy\u017e se p\u0159ed dv\u011bma lety <strong>Swans <\/strong>vr\u00e1tili s nov\u00fdm albem, tak asi nikdo nemohl p\u0159edpokl\u00e1dat, co se stane. Obrovsk\u00fd z\u00e1jem, des\u00edtky oslavovan\u00fdch koncert\u016f, ale hlavn\u011b &#8211; \u017e\u00e1dn\u00e9 vyvol\u00e1v\u00e1n\u00ed nostalgi\u00ed von\u00edc\u00edch vzpom\u00ednek. Poslucha\u010de naopak fascinovala plnokrevn\u00e1 buj\u00edc\u00ed energie a s\u00edla, kter\u00e1 <strong>Michaela Giru<\/strong> a jeho suitu \u017eene st\u00e1le kup\u0159edu. Z\u00e1pal kapely se v\u016fbec nevy\u010derpal, Swans pokra\u010duj\u00ed s nov\u00fdm, snad je\u0161t\u011b poveden\u011bj\u0161\u00edm albem a dal\u0161\u00edm turn\u00e9. Zast\u00e1vka v \u010cesk\u00e9 republice v jejich itiner\u00e1\u0159i op\u011bt nechyb\u00ed, Swans vystoup\u00ed <strong>v \u00fater\u00fd 27. listopadu<\/strong> v pra\u017esk\u00e9m Lucerna Music Baru a krom\u011b p\u0159edstaven\u00ed nov\u00e9ho alba The Seer je\u0161t\u011b stihnou po\u0159\u00e1dn\u011b oslavit t\u0159ic\u00e1t\u00e9 narozeniny.<!--more--><\/p>\n<p>Vstupenky v hodnot\u011b 490,- K\u010d budou v prodeji od st\u0159edy 25. \u010dervence v s\u00edt\u00edch Ticketportal, Ticketpro a Ticketstream (+ obvykl\u00e9 poplatky), v pokladn\u011b Lucerna Music Baru a obchod\u011b Rekomando. Zbyl\u00e9 vstupenky pak budou k dispozici v den koncertu na m\u00edst\u011b za cenu 620,- K\u010d.<\/p>\n<p><strong>Zvl\u00e1\u0161tn\u00ed nab\u00eddka:<\/strong><br \/>\nOmezen\u00fd po\u010det 150 vstupenek v hodnot\u011b 900,- K\u010d bude k dispozici v pokladn\u011b Lucerna Music Baru a obchod\u011b Rekomando. Tyto vstupenky plat\u00ed krom\u011b koncertu Swans tak\u00e9 na vystoupen\u00ed kanadsk\u00e9 skupiny <strong>Godspeed You! Black Emperor<\/strong>, kter\u00e9 se kon\u00e1 11. listopadu tak\u00e9 v Lucerna Music Baru.<\/p>\n<p><a href=\"http:\/\/younggodrecords.com\" target=\"_blank\">http:\/\/younggodrecords.com<\/a><br \/>\n<a href=\"http:\/\/www.scrapesound.org\" target=\"_blank\">www.scrapesound.org<\/a><br \/>\n<a href=\"http:\/\/www.silver-rocket.org\" target=\"_blank\">www.silver-rocket.org<\/a><\/p>\n<p><object width=\"560\" height=\"315\" classid=\"clsid:d27cdb6e-ae6d-11cf-96b8-444553540000\" codebase=\"http:\/\/download.macromedia.com\/pub\/shockwave\/cabs\/flash\/swflash.cab#version=6,0,40,0\"><param name=\"allowFullScreen\" value=\"true\" \/><param name=\"allowscriptaccess\" value=\"always\" \/><param name=\"src\" value=\"http:\/\/www.youtube.com\/v\/qqcCPlDX5EE?version=3&amp;hl=cs_CZ\" \/><param name=\"allowfullscreen\" value=\"true\" \/><embed width=\"560\" height=\"315\" type=\"application\/x-shockwave-flash\" src=\"http:\/\/www.youtube.com\/v\/qqcCPlDX5EE?version=3&amp;hl=cs_CZ\" allowFullScreen=\"true\" allowscriptaccess=\"always\" allowfullscreen=\"true\" \/><\/object><\/p>\n<p><strong>Swans sv\u00e9r\u00e1zn\u011b oslav\u00ed t\u0159icet let od sv\u00e9ho vzniku<\/strong><\/p>\n<p><strong>Michael Gira <\/strong>a jeho <strong>Swans <\/strong>se od poloviny roku 2010 snad ani na chvilku nezastavili. Comebackov\u00e9 album My Father Will Guide Me Up A Rope To The Sky ihned po vyd\u00e1n\u00ed uml\u010delo jak\u00e9koliv ironick\u00e9 p\u0159ipom\u00ednky ke znovuzrozen\u00ed skupiny a nekon\u010d\u00edc\u00ed \u0159ada koncert\u016f k n\u011bmu definitivn\u011b potvrdila relevanci n\u00e1vratu Swans na sc\u00e9nu. Na ja\u0159e leto\u0161n\u00edho roku vydan\u00e9 \u017eiv\u00e9 album We Rose From Your Bed With The Sun In Our Head zachycuje obrovskou \u017eivelnost a s\u00edlu jejich \u017eiv\u00fdch vystoupen\u00ed, a tak\u00e9 z\u00e1rove\u0148 p\u0159irozen\u00fd v\u00fdvoj, kter\u00fdm skupina b\u011bhem dvou let nov\u00e9ho \u017eivota pro\u0161la. Hned dv\u011b z p\u00edsn\u00ed zachycen\u00fdch na tomto z\u00e1znamu poch\u00e1zej\u00ed ze zbrusu nov\u00e9ho alba, kter\u00e9 skupina ohl\u00e1sila na 26. srpna. The Seer znamen\u00e1 nejen definitivn\u00ed potvrzen\u00ed n\u00e1vratu skupiny, ale tak\u00e9 jeden z velk\u00fdch miln\u00edk\u016f v historii skupiny. Nechme mluvit Michaela Giru samotn\u00e9ho:<\/p>\n<p>\u201cThe Seer vznikal t\u0159icet let. Tohle je vyvrcholen\u00ed ka\u017ed\u00e9ho p\u0159edchoz\u00edho alba skupiny, stejn\u011b jako ka\u017ed\u00e9 hudby, kterou jsem kdy stvo\u0159il, na kter\u00e9 se pod\u00edlel nebo si ji p\u0159edstavoval. Ale nen\u00ed to definitivn\u00ed, tak jako p\u00edsn\u011b na n\u011bm samy o sob\u011b nejsou ukon\u010den\u00e9. Vznikaly p\u016fvodn\u011b u akustick\u00e9 kytary, aby pak byly up\u0159esn\u011bny d\u00edky (neoceniteln\u00e9) pomoci od p\u0159\u00e1tel a n\u00e1sledn\u011b mu\u010deny a svedeny ve studiu. Nyn\u00ed, jak se p\u0159ipravujeme na to, \u017ee je budeme p\u0159edv\u00e1d\u011bt \u017eiv\u011b, je \u010dek\u00e1 je\u0161t\u011b v\u011bt\u0161\u00ed kanibalismus a nucen\u00e9 vykrmov\u00e1n\u00ed. Pr\u00e1v\u011b v tomhle momentu budou nad\u00e1le donekone\u010dna mutovat nebo mo\u017en\u00e1 budou odhozeny.\u201d<\/p>\n<p>Na albu The Seer hostuj\u00ed Akron\/Family, zp\u011bva\u010dka newyorsk\u00fdch Yeah Yeah Yeahs Karen O, hlukov\u00fd m\u00e1g Ben Frost, \u010dlenov\u00e9 Low Mimi Parker a Alan Sparhawk, Grasshoper z Mercury Rev a k obrovsk\u00e9mu p\u0159ekvapen\u00ed v\u0161ech alespo\u0148 trochu zainteresovan\u00fdch hlavn\u011b n\u011bkdej\u0161\u00ed zp\u011bva\u010dka skupiny Jarboe. Pr\u00e1v\u011b ona byla vedle Michaela Giry jedn\u00edm z nejd\u016fle\u017eit\u011bj\u0161\u00edch \u010dl\u00e1nk\u016f Swans v jednom z kl\u00ed\u010dov\u00fdch obdob\u00ed jejich historie. A tak\u00e9 jedn\u00edm z d\u016fvod\u016f rozpadu kapely. Pr\u00e1v\u011b jej\u00ed \u00fa\u010dast potvrzuje, \u017ee se Michael Gira rozhodl p\u0159ece jen trochu bilancovat, ov\u0161em samoz\u0159ejm\u011b zcela po sv\u00e9m. V leto\u0161n\u00edm roce uplynulo t\u0159icet let od zalo\u017een\u00ed skupiny a na oslavu tohoto jubilea vyd\u00e1vaj\u00ed Swans pravd\u011bpodobn\u011b nejambici\u00f3zn\u011bj\u0161\u00ed album svoj\u00ed bohat\u00e9 kari\u00e9ry.<\/p>\n<p><a href=\"http:\/\/younggodrecords.com\/artists\/10-artists\/32-swans\" target=\"_blank\">Biografii Swans najdete zde &gt;&gt;&gt;<\/a><\/p>\n<p><strong>Aktu\u00e1ln\u00ed sestava Swans:<\/strong><\/p>\n<p><strong>Michael Gira<br \/>\nNorman Westberg<br \/>\nChristoph Hahn<br \/>\nThor Harris<br \/>\nPhil Puleo<br \/>\nChris Pravdica <\/strong><\/p>\n<p><object width=\"420\" height=\"315\" classid=\"clsid:d27cdb6e-ae6d-11cf-96b8-444553540000\" codebase=\"http:\/\/download.macromedia.com\/pub\/shockwave\/cabs\/flash\/swflash.cab#version=6,0,40,0\"><param name=\"allowFullScreen\" value=\"true\" \/><param name=\"allowscriptaccess\" value=\"always\" \/><param name=\"src\" value=\"http:\/\/www.youtube.com\/v\/4rRKg25uOjo?version=3&amp;hl=cs_CZ\" \/><param name=\"allowfullscreen\" value=\"true\" \/><embed width=\"420\" height=\"315\" type=\"application\/x-shockwave-flash\" src=\"http:\/\/www.youtube.com\/v\/4rRKg25uOjo?version=3&amp;hl=cs_CZ\" allowFullScreen=\"true\" allowscriptaccess=\"always\" allowfullscreen=\"true\" \/><\/object><\/p>","protected":false},"excerpt":{"rendered":"<p>Kdy\u017e se p\u0159ed dv\u011bma lety Swans vr\u00e1tili s nov\u00fdm albem, tak asi nikdo nemohl p\u0159edpokl\u00e1dat, co se stane. Obrovsk\u00fd z\u00e1jem, des\u00edtky oslavovan\u00fdch koncert\u016f, ale hlavn\u011b &#8211; \u017e\u00e1dn\u00e9 vyvol\u00e1v\u00e1n\u00ed nostalgi\u00ed von\u00edc\u00edch vzpom\u00ednek. Poslucha\u010de naopak fascinovala plnokrevn\u00e1 buj\u00edc\u00ed energie a s\u00edla, kter\u00e1 Michaela Giru a jeho suitu \u017eene st\u00e1le kup\u0159edu. Z\u00e1pal kapely se v\u016fbec nevy\u010derpal, Swans pokra\u010duj\u00ed [&hellip;]<\/p>\n","protected":false},"author":6,"featured_media":0,"comment_status":"open","ping_status":"closed","sticky":false,"template":"","format":"standard","meta":{"_acf_changed":false,"footnotes":""},"categories":[404],"tags":[],"class_list":["post-2671","post","type-post","status-publish","format-standard","hentry","category-novinky"],"acf":[],"_links":{"self":[{"href":"https:\/\/musicbar.cz\/cs\/wp-json\/wp\/v2\/posts\/2671","targetHints":{"allow":["GET"]}}],"collection":[{"href":"https:\/\/musicbar.cz\/cs\/wp-json\/wp\/v2\/posts"}],"about":[{"href":"https:\/\/musicbar.cz\/cs\/wp-json\/wp\/v2\/types\/post"}],"author":[{"embeddable":true,"href":"https:\/\/musicbar.cz\/cs\/wp-json\/wp\/v2\/users\/6"}],"replies":[{"embeddable":true,"href":"https:\/\/musicbar.cz\/cs\/wp-json\/wp\/v2\/comments?post=2671"}],"version-history":[{"count":0,"href":"https:\/\/musicbar.cz\/cs\/wp-json\/wp\/v2\/posts\/2671\/revisions"}],"wp:attachment":[{"href":"https:\/\/musicbar.cz\/cs\/wp-json\/wp\/v2\/media?parent=2671"}],"wp:term":[{"taxonomy":"category","embeddable":true,"href":"https:\/\/musicbar.cz\/cs\/wp-json\/wp\/v2\/categories?post=2671"},{"taxonomy":"post_tag","embeddable":true,"href":"https:\/\/musicbar.cz\/cs\/wp-json\/wp\/v2\/tags?post=2671"}],"curies":[{"name":"wp","href":"https:\/\/api.w.org\/{rel}","templated":true}]}}