{"id":25203,"date":"2018-05-29T13:52:22","date_gmt":"2018-05-29T11:52:22","guid":{"rendered":"https:\/\/www.musicbar.cz\/?p=25203"},"modified":"2018-06-04T12:21:37","modified_gmt":"2018-06-04T10:21:37","slug":"miro-zbirka-krest-alba","status":"publish","type":"post","link":"https:\/\/musicbar.cz\/cs\/program\/miro-zbirka-krest-alba\/","title":{"rendered":"Miro \u017dbirka &#8211; k\u0159est alba"},"content":{"rendered":"<p>Miro \u017dbirka pok\u0159t\u00ed nov\u00e9 album v Lucerna Music Baru na speci\u00e1ln\u00edm klubov\u00e9m koncertu se zahrani\u010dn\u00edmi hosty.<\/p>\n<p>Nov\u00e9 studiov\u00e9 album, kter\u00e9 vyjde na podzim pod n\u00e1zvem Double Album, pr\u00e1v\u011b dokon\u010duje Miro \u017dbirka ve Studiu 3 Abbey Road v Lond\u00fdn\u011b spolu s producentem Robem Cassem a sestavou hv\u011bzdn\u00fdch britsk\u00fdch muzikant\u016f. Do \u017eivota toto dvojalbum uvede Miro klubov\u00fdmi koncerty spojen\u00fdmi se k\u0159tem. Fanou\u0161ci budou m\u00edt jedine\u010dnou p\u0159\u00edle\u017eitost za\u017e\u00edt nov\u00e9 skladby i klasick\u00e9 hity v intimn\u00ed atmosf\u00e9\u0159e hudebn\u00edch klub\u016f a z\u00edskat mezi prvn\u00edmi nov\u00e9 podepsan\u00e9 CD.<\/p>\n<p>\u201ePo studiov\u00e9 pr\u00e1ci a nahr\u00e1v\u00e1n\u00ed si kone\u010dn\u011b u\u017eiju \u017eiv\u00e9 hran\u00ed a na kluby se t\u011b\u0161\u00edm o to v\u00edc, \u017ee je v nich v\u017edy skv\u011bl\u00e1 atmosf\u00e9ra i p\u0159\u00edm\u00fd kontakt s publikem,&#8220; \u0159\u00edk\u00e1 Miro \u017dbirka.<\/p>\n<p>VSTUPENKY ST\u00c1N\u00cd:<br \/>\n890 K\u010d + poplatky na pokladn\u011b Lucerna Music Baru (bez poplatk\u016f), webu Lucerna Music Baru, GoOut.cz, Ticketportal<\/p>\n<p>VSTUPENKY SEZEN\u00cd NA BALKON\u011a:<br \/>\nlimitovan\u00fd po\u010det<br \/>\n1582 K\u010d pouze web Lucerna Music Baru a GoOut.cz<br \/>\n<\/p>","protected":false},"excerpt":{"rendered":"<p>Miro \u017dbirka pok\u0159t\u00ed nov\u00e9 album v Lucerna Music Baru na speci\u00e1ln\u00edm klubov\u00e9m koncertu se zahrani\u010dn\u00edmi hosty. Nov\u00e9 studiov\u00e9 album, kter\u00e9 vyjde na podzim pod n\u00e1zvem Double Album, pr\u00e1v\u011b dokon\u010duje Miro \u017dbirka ve Studiu 3 Abbey Road v Lond\u00fdn\u011b spolu s producentem Robem Cassem a sestavou hv\u011bzdn\u00fdch britsk\u00fdch muzikant\u016f. Do \u017eivota toto dvojalbum uvede Miro klubov\u00fdmi [&hellip;]<\/p>\n","protected":false},"author":6,"featured_media":0,"comment_status":"closed","ping_status":"closed","sticky":false,"template":"","format":"standard","meta":{"_acf_changed":false,"footnotes":""},"categories":[405],"tags":[418],"class_list":["post-25203","post","type-post","status-publish","format-standard","hentry","category-program","tag-pop"],"acf":[],"_links":{"self":[{"href":"https:\/\/musicbar.cz\/cs\/wp-json\/wp\/v2\/posts\/25203","targetHints":{"allow":["GET"]}}],"collection":[{"href":"https:\/\/musicbar.cz\/cs\/wp-json\/wp\/v2\/posts"}],"about":[{"href":"https:\/\/musicbar.cz\/cs\/wp-json\/wp\/v2\/types\/post"}],"author":[{"embeddable":true,"href":"https:\/\/musicbar.cz\/cs\/wp-json\/wp\/v2\/users\/6"}],"replies":[{"embeddable":true,"href":"https:\/\/musicbar.cz\/cs\/wp-json\/wp\/v2\/comments?post=25203"}],"version-history":[{"count":5,"href":"https:\/\/musicbar.cz\/cs\/wp-json\/wp\/v2\/posts\/25203\/revisions"}],"predecessor-version":[{"id":25222,"href":"https:\/\/musicbar.cz\/cs\/wp-json\/wp\/v2\/posts\/25203\/revisions\/25222"}],"wp:attachment":[{"href":"https:\/\/musicbar.cz\/cs\/wp-json\/wp\/v2\/media?parent=25203"}],"wp:term":[{"taxonomy":"category","embeddable":true,"href":"https:\/\/musicbar.cz\/cs\/wp-json\/wp\/v2\/categories?post=25203"},{"taxonomy":"post_tag","embeddable":true,"href":"https:\/\/musicbar.cz\/cs\/wp-json\/wp\/v2\/tags?post=25203"}],"curies":[{"name":"wp","href":"https:\/\/api.w.org\/{rel}","templated":true}]}}