{"id":2517,"date":"2012-05-18T17:07:06","date_gmt":"2012-05-18T17:07:06","guid":{"rendered":"http:\/\/www.musicbar.cz\/?p=2517"},"modified":"2012-05-18T17:11:14","modified_gmt":"2012-05-18T17:11:14","slug":"klubova-noc-united-islands-ceske-sporitelny","status":"publish","type":"post","link":"https:\/\/musicbar.cz\/cs\/nezarazene\/klubova-noc-united-islands-ceske-sporitelny\/","title":{"rendered":"Klubov\u00e1 noc United Islands \u010cesk\u00e9 spo\u0159itelny"},"content":{"rendered":"<p><a href=\"http:\/\/www.musicbar.cz\/wp-content\/uploads\/2012\/05\/colorblinds.jpg\"><img loading=\"lazy\" decoding=\"async\" class=\"alignleft size-full wp-image-2519\" title=\"The Colorblinds PROMO 3-2012\" src=\"http:\/\/www.musicbar.cz\/wp-content\/uploads\/2012\/05\/colorblinds_.jpg\" alt=\"\" width=\"170\" height=\"170\" srcset=\"https:\/\/storage.googleapis.com\/goout-wordpress-uploads\/musicbarcz\/2012\/05\/colorblinds_.jpg 170w, https:\/\/storage.googleapis.com\/goout-wordpress-uploads\/musicbarcz\/2012\/05\/colorblinds_-300x300.jpg 300w, https:\/\/storage.googleapis.com\/goout-wordpress-uploads\/musicbarcz\/2012\/05\/colorblinds_-900x900.jpg 900w\" sizes=\"auto, (max-width: 170px) 100vw, 170px\" \/><\/a>Festival United Islands ka\u017edoro\u010dn\u011b zahajuj\u00ed jeho po\u0159adatel\u00e9 u\u017e ve \u010dtvrtek Klubovou noc\u00ed. Letos &#8211; 21. \u010dervna 2012 \u2013 se otev\u0159ou br\u00e1ny 27 klub\u016f, ve kter\u00fdch se p\u0159edstav\u00ed p\u0159es 70 hudebn\u00edch projekt\u016f! To v\u0161e se m\u016f\u017ee d\u00edt jen d\u00edky obrovsk\u00e9 vst\u0159\u00edcnosti muzikant\u016f a otev\u0159en\u00e9 spolupr\u00e1ci pra\u017esk\u00fdch klub\u016f. Ka\u017ed\u00e1 kapela hraje pouze za symbolick\u00fd honor\u00e1\u0159 a kluby poskytuj\u00ed prostor i svoje slu\u017eby bez po\u017eadavku n\u00e1jemn\u00e9ho. T\u00edmto bych v\u0161em, kte\u0159\u00ed se na Klubov\u00e9 noci pod\u00edl\u00ed, cht\u011bla vyj\u00e1d\u0159it velk\u00fd d\u00edk. Tuto oslavu pra\u017esk\u00e9ho klubov\u00e9ho d\u011bn\u00ed (v leto\u0161n\u00edm roce nav\u00edc spojenou s ofici\u00e1ln\u00edm Evropsk\u00fdm sv\u00e1tkem hudby) ka\u017edoro\u010dn\u011b nav\u0161t\u00edv\u00ed p\u0159es 6 000 div\u00e1k\u016f, co\u017e je d\u016fkaz, \u017ee se n\u00e1mi vyty\u010den\u00fd z\u00e1m\u011br napl\u0148uje \u2013 Praha o\u017e\u00edv\u00e1 <!--more-->hudbou. Div\u00e1ci putuj\u00ed jak mezi jednotliv\u00fdmi kluby, tak mezi r\u016fzn\u00fdmi hudebn\u00edmi \u017e\u00e1nry. Program se p\u0159itom skl\u00e1d\u00e1 nejen z hv\u011bzd, ale tak\u00e9 z mnoha nov\u00e1\u010dk\u016f p\u0159ev\u00e1\u017en\u011b tuzemsk\u00e9 sc\u00e9ny, kter\u00e9 se skrze Klubovou noc p\u0159edstav\u00ed pra\u017esk\u00e9mu publiku. Sou\u010d\u00e1st\u00ed leto\u0161n\u00edho ro\u010dn\u00edku bude tak\u00e9 k\u0159est n\u011bkolika CD a videoklip\u016f. Vstup p\u0159itom z\u016fst\u00e1v\u00e1 v ka\u017ed\u00e9m z klub\u016f zdarma.<\/p>\n<p><strong>Peter Pan Complex<\/strong><br \/>\nVe skladb\u00e1ch skupiny Peter Pan Complex se potk\u00e1v\u00e1 mnoho r\u016fzn\u00fdch vliv\u016f \u2013 netradi\u010dn\u00ed v na\u0161em prost\u0159ed\u00ed je ur\u010dit\u011b vliv nov\u00e9 izraelsk\u00e9 vlny alternativn\u00edch a experiment\u00e1ln\u00edch forem pohybuj\u00edc\u00edch se na hranici cynick\u00e9 spole\u010densk\u00e9 kritiky a poetick\u00e9ho p\u00edsni\u010dk\u00e1\u0159stv\u00ed, kter\u00fd do kapely p\u0159in\u00e1\u0161\u00ed jej\u00ed frontman Jordan Haj. P\u0159es druh\u00e9ho zakl\u00e1daj\u00edc\u00edho \u010dlena kapely, Givinara K\u0159\u00ed\u017ee, pronikaj\u00ed do tvorby Peter Pan Complex vlivy klasick\u00e9ho rocku, atmosferick\u00e9 plochy a zvuk zefektovan\u00fdch kytar p\u0159elomu 20.stolet\u00ed. Buben\u00edk Oskar Pila\u0159 dod\u00e1v\u00e1 kapele rytmus elektronickou hudbou ovlivn\u011bn\u00fdch beat\u016f a v\u00fdraznou tvrdost hardcorov\u00e9ho ra\u017een\u00ed. Specifi\u010dnost projevu kapely dotv\u00e1\u0159\u00ed baskytarista Jakub Chaba, kter\u00fd nevyu\u017e\u00edv\u00e1 baskytaru jen jako doprovodn\u00fd n\u00e1stroj a vn\u00e1\u0161\u00ed do hudby spoustu nov\u00fdch zvukov\u00fdch i melodick\u00fdch prvk\u016f.<\/p>\n<p><strong>Dan Reed<\/strong><br \/>\nJednoduch\u00e9, ale kr\u00e1sn\u00e9 p\u00edsn\u011b, ve kter\u00fdch se odr\u00e1\u017eej\u00ed celo\u017eivotn\u00ed zku\u0161enosti zp\u011bv\u00e1ka, skladatele a kytaristy Dana Reeda, maj\u00ed moc pot\u011b\u0161it svou pozitivn\u00ed energi\u00ed a melodi\u010dnost\u00ed. Dan Reed se za\u010dal v\u011bnovat hudb\u011b v polovin\u011b osmdes\u00e1t\u00fdch let, kdy zalo\u017eil skupinu Dan Reed Network. Tuto kapelu m\u016f\u017ee \u010desk\u00e9 publikum zn\u00e1m mimo jin\u00e9 proto, \u017ee v roce 1992 doprov\u00e1zela na turn\u00e9 The Rolling Stones. Rod\u00e1k z Oregonu, kter\u00fd vyr\u016fstal na obrovsk\u00e9 farm\u011b sv\u00e9ho nevlastn\u00edho otce, pro\u0161el n\u011bkolika \u017eivotn\u00edmi etapami, byl majitelem no\u010dn\u00edho hudebn\u00edho klubu, hodn\u011b cestoval po Indii a \u017eil v Jeruzal\u00e9m\u011b \u2013 jeho hudba  vst\u0159eb\u00e1v\u00e1 v\u0161echny r\u016fznorod\u00e9 vlivy jeho bohat\u00e9ho \u017eivota. Dan Reed krom\u011b b\u011b\u017en\u00fdch koncert\u016f nab\u00edz\u00ed sv\u00fdm poslucha\u010d\u016fm tzv. dom\u00e1c\u00ed koncerty, na kter\u00fdch hraje s\u00e1m s kytarou \u010di s doprovodem. Obl\u00edbil si je pro jejich intimn\u00ed atmosf\u00e9ru. Jeho nejnov\u011bj\u0161\u00ed album nese n\u00e1zev Coming up for Air.<\/p>\n<p><strong>The Colorblinds<\/strong><br \/>\nThe Colorblinds se stylov\u011b neomezuj\u00ed a pod\u00e1vaj\u00ed svou autorskou hudbu v mnoha barv\u00e1ch; od soulov\u00fdch vliv\u016f, p\u0159es rock\u00b4n\u00b4roll, a\u017e po z\u00e1blesky metalu. P\u0159i poslechu t\u00e9to kapely budete t\u011b\u017eko v\u011b\u0159it, \u017ee jej\u00edm \u010dlen\u016fm je teprve okolo 15ti let &#8211; kapela m\u00e1 ojedin\u011blou energii a v\u00fdraz. Sv\u00fdm \u017eiveln\u00fdm koncertn\u00edm projevem si kapela nezad\u00e1 ani s mnohem prot\u0159elej\u0161\u00edmi kolegy. Pokud jde o the Colorblinds samotn\u00e9, zd\u00e1 se, \u017ee se takov\u00fdmi v\u011bcmi jako v\u011bk v\u016fbec nezab\u00fdvaj\u00ed a rad\u0161i hraj\u00ed. Kapela, kter\u00e1 vznikla teprve v lednu 2010, ji\u017e vydala sv\u00e9 prvn\u00ed album s n\u00e1zvem The Colorblinds (duben 2011) a probojovala se do \u010desk\u00e9ho fin\u00e1le celosv\u011btov\u00e9 sout\u011b\u017ee Emergenza, kde skon\u010dili na druh\u00e9m m\u00edst\u011b. Kapelu The Colorblinds tvo\u0159\u00ed kytarista Marek Fialka (hraje i na saxofon a klarinet a ob\u010das si odsko\u010d\u00ed zahr\u00e1t do swingov\u00e9ho orchestru), baskytarista Prokop Fialka (p\u016fvodn\u011b se v\u011bnoval h\u0159e na klav\u00edr), zp\u011bv\u00e1k Adam Mi\u0161\u00edk (hraje i na kytaru a skl\u00e1d\u00e1 u\u017e od 12 let) a buben\u00edk \u0160t\u011bp\u00e1n Krti\u010dka (od 6 let se v\u011bnoval h\u0159e na klav\u00edr, a\u017e v 11 letech si p\u0159ibral bic\u00ed).<\/p>\n<p><object classid=\"clsid:d27cdb6e-ae6d-11cf-96b8-444553540000\" width=\"560\" height=\"315\" codebase=\"http:\/\/download.macromedia.com\/pub\/shockwave\/cabs\/flash\/swflash.cab#version=6,0,40,0\"><param name=\"allowFullScreen\" value=\"true\" \/><param name=\"allowscriptaccess\" value=\"always\" \/><param name=\"src\" value=\"http:\/\/www.youtube.com\/v\/KYQ3hcG-QZA?version=3&amp;hl=cs_CZ\" \/><param name=\"allowfullscreen\" value=\"true\" \/><embed type=\"application\/x-shockwave-flash\" width=\"560\" height=\"315\" src=\"http:\/\/www.youtube.com\/v\/KYQ3hcG-QZA?version=3&amp;hl=cs_CZ\" allowscriptaccess=\"always\" allowfullscreen=\"true\"><\/embed><\/object><\/p>\n<p><strong>Dirty Airlines<\/strong><br \/>\nSkladby skupiny Dirty Airlines jsou kytarovky ovlivn\u011bn\u00e9 styly jako shoegazers, noise, grunge a hard core \u2013 jsou to rytmick\u00e9 p\u00edsn\u011b s p\u0159\u00edjemn\u011b \u017eiv\u00fdmi melodiemi. Kapela koncertuje po festivalech, klubech a m\u00e1 za sebou i turn\u00e9 po Anglii. Vznikla v roce 2005 na trosk\u00e1ch kapely Bosworth. Hned v prvn\u00edm roce sv\u00e9ho p\u016fsoben\u00ed vydala sv\u00e9 prvn\u00ed album \u2013 Your time for revolution. V roce 2011 se jejich nahr\u00e1vky rozrostly o EP The Little Things.<\/p>\n","protected":false},"excerpt":{"rendered":"<p>Festival United Islands ka\u017edoro\u010dn\u011b zahajuj\u00ed jeho po\u0159adatel\u00e9 u\u017e ve \u010dtvrtek Klubovou noc\u00ed. Letos &#8211; 21. \u010dervna 2012 \u2013 se otev\u0159ou br\u00e1ny 27 klub\u016f, ve kter\u00fdch se p\u0159edstav\u00ed p\u0159es 70 hudebn\u00edch projekt\u016f! To v\u0161e se m\u016f\u017ee d\u00edt jen d\u00edky obrovsk\u00e9 vst\u0159\u00edcnosti muzikant\u016f a otev\u0159en\u00e9 spolupr\u00e1ci pra\u017esk\u00fdch klub\u016f. Ka\u017ed\u00e1 kapela hraje pouze za symbolick\u00fd honor\u00e1\u0159 a kluby [&hellip;]<\/p>\n","protected":false},"author":6,"featured_media":0,"comment_status":"open","ping_status":"closed","sticky":false,"template":"","format":"standard","meta":{"_acf_changed":false,"footnotes":""},"categories":[1,404],"tags":[],"class_list":["post-2517","post","type-post","status-publish","format-standard","hentry","category-nezarazene","category-novinky"],"acf":[],"_links":{"self":[{"href":"https:\/\/musicbar.cz\/cs\/wp-json\/wp\/v2\/posts\/2517","targetHints":{"allow":["GET"]}}],"collection":[{"href":"https:\/\/musicbar.cz\/cs\/wp-json\/wp\/v2\/posts"}],"about":[{"href":"https:\/\/musicbar.cz\/cs\/wp-json\/wp\/v2\/types\/post"}],"author":[{"embeddable":true,"href":"https:\/\/musicbar.cz\/cs\/wp-json\/wp\/v2\/users\/6"}],"replies":[{"embeddable":true,"href":"https:\/\/musicbar.cz\/cs\/wp-json\/wp\/v2\/comments?post=2517"}],"version-history":[{"count":0,"href":"https:\/\/musicbar.cz\/cs\/wp-json\/wp\/v2\/posts\/2517\/revisions"}],"wp:attachment":[{"href":"https:\/\/musicbar.cz\/cs\/wp-json\/wp\/v2\/media?parent=2517"}],"wp:term":[{"taxonomy":"category","embeddable":true,"href":"https:\/\/musicbar.cz\/cs\/wp-json\/wp\/v2\/categories?post=2517"},{"taxonomy":"post_tag","embeddable":true,"href":"https:\/\/musicbar.cz\/cs\/wp-json\/wp\/v2\/tags?post=2517"}],"curies":[{"name":"wp","href":"https:\/\/api.w.org\/{rel}","templated":true}]}}