{"id":2487,"date":"2012-05-14T15:30:11","date_gmt":"2012-05-14T15:30:11","guid":{"rendered":"http:\/\/www.musicbar.cz\/?p=2487"},"modified":"2012-05-14T15:40:37","modified_gmt":"2012-05-14T15:40:37","slug":"anna-k-prozivam-ted-krasny-casy","status":"publish","type":"post","link":"https:\/\/musicbar.cz\/cs\/nezarazene\/anna-k-prozivam-ted-krasny-casy\/","title":{"rendered":"Anna K.: pro\u017e\u00edv\u00e1m te\u010f kr\u00e1sn\u00fd \u010dasy"},"content":{"rendered":"<p><strong><a href=\"http:\/\/www.musicbar.cz\/wp-content\/uploads\/2012\/05\/anna_k.jpg\"><img loading=\"lazy\" decoding=\"async\" class=\"alignleft size-full wp-image-2489\" title=\"anna_k_\" src=\"http:\/\/www.musicbar.cz\/wp-content\/uploads\/2012\/05\/anna_k_.jpg\" alt=\"\" width=\"170\" height=\"170\" srcset=\"https:\/\/storage.googleapis.com\/goout-wordpress-uploads\/musicbarcz\/2012\/05\/anna_k_.jpg 170w, https:\/\/storage.googleapis.com\/goout-wordpress-uploads\/musicbarcz\/2012\/05\/anna_k_-300x300.jpg 300w, https:\/\/storage.googleapis.com\/goout-wordpress-uploads\/musicbarcz\/2012\/05\/anna_k_-900x900.jpg 900w\" sizes=\"auto, (max-width: 170px) 100vw, 170px\" \/><\/a>Anna K. <\/strong>u\u017e odehr\u00e1la v\u00edce ne\u017e polovinu koncert\u016f jej\u00edho velmi o\u010dek\u00e1van\u00e9ho turn\u00e9 k nov\u00e9 desce Relativn\u00ed \u010das. \u010cek\u00e1n\u00ed se vyplatilo, fanou\u0161ci jsou z energick\u00fdch koncert\u016f Anny K. s dokonale sehranou kapelou naprosto une\u0161en\u00ed a d\u00e1vaj\u00ed to zp\u011bva\u010dce zna\u010dn\u011b najevo. Anna K.: &#8222;Turn\u00e9 si stra\u0161n\u011b u\u017e\u00edv\u00e1m! Fanou\u0161ci m\u011b doslova doj\u00edmaj\u00ed jak siln\u011b a hlavn\u011b nahlas projevuj\u00ed svou n\u00e1klonnost. Prost\u011b v\u0161ude je kotel, jak\u00fd si jen m\u016f\u017ee muzikant p\u0159\u00e1t. \u00da\u017easn\u011b reaguj\u00ed i na p\u00edsn\u011b z nov\u00e9ho alba Relativn\u00ed \u010das a to je pro m\u011b nejv\u011bt\u0161\u00ed odm\u011bna a radost! Jsem sice dost unaven\u00e1, ale pro\u017e\u00edv\u00e1m te\u010f kr\u00e1sn\u00fd \u010dasy! T\u011b\u0161\u00edm se na dal\u0161\u00ed koncerty z turn\u00e9, zrovna te\u010f ve \u010dtvrtek 17. 5. do Lucerna Music Baru.&#8220; <!--more-->Po pra\u017esk\u00e9m koncertu \u010dekaj\u00ed Annu K. &amp; band je\u0161t\u011b t\u0159i zast\u00e1vky turn\u00e9, 23. 5. v Litom\u011b\u0159ic\u00edch, 29. 5. ve Zl\u00edn\u011b a 2. 6. zakon\u010d\u00ed turn\u00e9 ve Fulneku. Anna K. v\u0161ak nebude p\u0159\u00edli\u0161 odpo\u010d\u00edvat a vrhne se na letn\u00ed koncerty, aktu\u00e1ln\u00ed term\u00edny sledujte na <a href=\"http:\/\/www.anna-k.cz\" target=\"_blank\">www.anna-k.cz<\/a><\/p>\n<p><iframe loading=\"lazy\" width=\"560\" height=\"315\" src=\"http:\/\/www.youtube.com\/embed\/GoN-yqcgn40\" frameborder=\"0\" allowfullscreen><\/iframe><\/p>\n","protected":false},"excerpt":{"rendered":"<p>Anna K. u\u017e odehr\u00e1la v\u00edce ne\u017e polovinu koncert\u016f jej\u00edho velmi o\u010dek\u00e1van\u00e9ho turn\u00e9 k nov\u00e9 desce Relativn\u00ed \u010das. \u010cek\u00e1n\u00ed se vyplatilo, fanou\u0161ci jsou z energick\u00fdch koncert\u016f Anny K. s dokonale sehranou kapelou naprosto une\u0161en\u00ed a d\u00e1vaj\u00ed to zp\u011bva\u010dce zna\u010dn\u011b najevo. Anna K.: &#8222;Turn\u00e9 si stra\u0161n\u011b u\u017e\u00edv\u00e1m! Fanou\u0161ci m\u011b doslova doj\u00edmaj\u00ed jak siln\u011b a hlavn\u011b nahlas projevuj\u00ed [&hellip;]<\/p>\n","protected":false},"author":6,"featured_media":0,"comment_status":"open","ping_status":"closed","sticky":false,"template":"","format":"standard","meta":{"_acf_changed":false,"footnotes":""},"categories":[1,404],"tags":[],"class_list":["post-2487","post","type-post","status-publish","format-standard","hentry","category-nezarazene","category-novinky"],"acf":[],"_links":{"self":[{"href":"https:\/\/musicbar.cz\/cs\/wp-json\/wp\/v2\/posts\/2487","targetHints":{"allow":["GET"]}}],"collection":[{"href":"https:\/\/musicbar.cz\/cs\/wp-json\/wp\/v2\/posts"}],"about":[{"href":"https:\/\/musicbar.cz\/cs\/wp-json\/wp\/v2\/types\/post"}],"author":[{"embeddable":true,"href":"https:\/\/musicbar.cz\/cs\/wp-json\/wp\/v2\/users\/6"}],"replies":[{"embeddable":true,"href":"https:\/\/musicbar.cz\/cs\/wp-json\/wp\/v2\/comments?post=2487"}],"version-history":[{"count":0,"href":"https:\/\/musicbar.cz\/cs\/wp-json\/wp\/v2\/posts\/2487\/revisions"}],"wp:attachment":[{"href":"https:\/\/musicbar.cz\/cs\/wp-json\/wp\/v2\/media?parent=2487"}],"wp:term":[{"taxonomy":"category","embeddable":true,"href":"https:\/\/musicbar.cz\/cs\/wp-json\/wp\/v2\/categories?post=2487"},{"taxonomy":"post_tag","embeddable":true,"href":"https:\/\/musicbar.cz\/cs\/wp-json\/wp\/v2\/tags?post=2487"}],"curies":[{"name":"wp","href":"https:\/\/api.w.org\/{rel}","templated":true}]}}